{"id":2798,"date":"2020-01-14T22:05:54","date_gmt":"2020-01-14T21:05:54","guid":{"rendered":"https:\/\/ffbruck-waasen.at\/?p=2798"},"modified":"2020-01-14T22:08:54","modified_gmt":"2020-01-14T21:08:54","slug":"monatsubung-janner","status":"publish","type":"post","link":"https:\/\/ffbruck-waasen.at\/index.php\/2020\/01\/14\/monatsubung-janner\/","title":{"rendered":"Monats\u00fcbung J\u00e4nner"},"content":{"rendered":"\t\t<div data-elementor-type=\"wp-post\" data-elementor-id=\"2798\" class=\"elementor elementor-2798\" data-elementor-settings=\"[]\">\n\t\t\t\t\t\t<div class=\"elementor-inner\">\n\t\t\t\t\t\t\t<div class=\"elementor-section-wrap\">\n\t\t\t\t\t\t\t<section class=\"elementor-section elementor-top-section elementor-element elementor-element-6f34cc74 elementor-section-boxed elementor-section-height-default elementor-section-height-default\" data-id=\"6f34cc74\" data-element_type=\"section\">\n\t\t\t\t\t\t<div class=\"elementor-container elementor-column-gap-default\">\n\t\t\t\t\t\t\t<div class=\"elementor-row\">\n\t\t\t\t\t<div class=\"elementor-column elementor-col-100 elementor-top-column elementor-element elementor-element-4175d897\" data-id=\"4175d897\" data-element_type=\"column\">\n\t\t\t<div class=\"elementor-column-wrap elementor-element-populated\">\n\t\t\t\t\t\t\t<div class=\"elementor-widget-wrap\">\n\t\t\t\t\t\t<div class=\"elementor-element elementor-element-72721980 elementor-widget elementor-widget-text-editor\" data-id=\"72721980\" data-element_type=\"widget\" data-widget_type=\"text-editor.default\">\n\t\t\t\t<div class=\"elementor-widget-container\">\n\t\t\t\t\t<div class=\"elementor-text-editor elementor-clearfix\">Am Dienstag, 14. J\u00e4nner fand unsere Monats\u00fcbung statt. Bei dieser \u00dcbung wurde auf unsere neuen Rettungsger\u00e4te, das Spineboard und die Rettungshaube, n\u00e4her eingegangen.\r\n\r\nEinige Kameraden versetzten sich in die Lage einer verletzten Person und lie\u00dfen sich mit der neuen Trage gleich retten. Mit ein paar geschickten Handgriffen l\u00e4sst sich so eine Person relativ rasch und schonend aus einem Gefahrenbereich transportieren.\r\n\r\nDer zweite Teil der Monats\u00fcbung wurde der neuen Rettungshaube speziell f\u00fcr Atemschutztr\u00e4ger gewidtmet.<\/div>\n\t\t\t\t<\/div>\n\t\t\t\t<\/div>\n\t\t\t\t\t\t<\/div>\n\t\t\t\t\t<\/div>\n\t\t<\/div>\n\t\t\t\t\t\t\t\t<\/div>\n\t\t\t\t\t<\/div>\n\t\t<\/section>\n\t\t\t\t<section class=\"elementor-section elementor-top-section elementor-element elementor-element-8151799 elementor-section-boxed elementor-section-height-default elementor-section-height-default\" data-id=\"8151799\" data-element_type=\"section\">\n\t\t\t\t\t\t<div class=\"elementor-container elementor-column-gap-default\">\n\t\t\t\t\t\t\t<div class=\"elementor-row\">\n\t\t\t\t\t<div class=\"elementor-column elementor-col-100 elementor-top-column elementor-element elementor-element-3797ca0\" data-id=\"3797ca0\" data-element_type=\"column\">\n\t\t\t<div class=\"elementor-column-wrap elementor-element-populated\">\n\t\t\t\t\t\t\t<div class=\"elementor-widget-wrap\">\n\t\t\t\t\t\t<div class=\"elementor-element elementor-element-bf8de81 elementor-widget elementor-widget-image-gallery\" data-id=\"bf8de81\" data-element_type=\"widget\" data-widget_type=\"image-gallery.default\">\n\t\t\t\t<div class=\"elementor-widget-container\">\n\t\t\t\t\t<div class=\"elementor-image-gallery\">\n\t\t\t<div id='gallery-1' class='gallery galleryid-2798 gallery-columns-4 gallery-size-thumbnail'><figure class='gallery-item'>\n\t\t\t<div class='gallery-icon portrait'>\n\t\t\t\t<a data-elementor-open-lightbox=\"yes\" data-elementor-lightbox-slideshow=\"bf8de81\" data-elementor-lightbox-title=\"IMG-20200114-WA0017\" href='https:\/\/ffbruck-waasen.at\/wp-content\/uploads\/2020\/01\/IMG-20200114-WA0017.jpg'><img width=\"150\" height=\"150\" src=\"https:\/\/ffbruck-waasen.at\/wp-content\/uploads\/2020\/01\/IMG-20200114-WA0017-150x150.jpg\" class=\"attachment-thumbnail size-thumbnail\" alt=\"\" loading=\"lazy\" srcset=\"https:\/\/ffbruck-waasen.at\/wp-content\/uploads\/2020\/01\/IMG-20200114-WA0017-150x150.jpg 150w, https:\/\/ffbruck-waasen.at\/wp-content\/uploads\/2020\/01\/IMG-20200114-WA0017-400x400.jpg 400w, https:\/\/ffbruck-waasen.at\/wp-content\/uploads\/2020\/01\/IMG-20200114-WA0017-780x780.jpg 780w, https:\/\/ffbruck-waasen.at\/wp-content\/uploads\/2020\/01\/IMG-20200114-WA0017-1200x1200.jpg 1200w, https:\/\/ffbruck-waasen.at\/wp-content\/uploads\/2020\/01\/IMG-20200114-WA0017-300x300.jpg 300w, https:\/\/ffbruck-waasen.at\/wp-content\/uploads\/2020\/01\/IMG-20200114-WA0017-100x100.jpg 100w\" sizes=\"(max-width: 150px) 100vw, 150px\" \/><\/a>\n\t\t\t<\/div><\/figure><figure class='gallery-item'>\n\t\t\t<div class='gallery-icon portrait'>\n\t\t\t\t<a data-elementor-open-lightbox=\"yes\" data-elementor-lightbox-slideshow=\"bf8de81\" data-elementor-lightbox-title=\"IMG-20200114-WA0018\" href='https:\/\/ffbruck-waasen.at\/wp-content\/uploads\/2020\/01\/IMG-20200114-WA0018-e1579066131865.jpg'><img width=\"150\" height=\"150\" src=\"https:\/\/ffbruck-waasen.at\/wp-content\/uploads\/2020\/01\/IMG-20200114-WA0018-e1579066131865-150x150.jpg\" class=\"attachment-thumbnail size-thumbnail\" alt=\"\" loading=\"lazy\" srcset=\"https:\/\/ffbruck-waasen.at\/wp-content\/uploads\/2020\/01\/IMG-20200114-WA0018-e1579066131865-150x150.jpg 150w, https:\/\/ffbruck-waasen.at\/wp-content\/uploads\/2020\/01\/IMG-20200114-WA0018-e1579066131865-400x400.jpg 400w, https:\/\/ffbruck-waasen.at\/wp-content\/uploads\/2020\/01\/IMG-20200114-WA0018-e1579066131865-780x780.jpg 780w, https:\/\/ffbruck-waasen.at\/wp-content\/uploads\/2020\/01\/IMG-20200114-WA0018-e1579066131865-300x300.jpg 300w, https:\/\/ffbruck-waasen.at\/wp-content\/uploads\/2020\/01\/IMG-20200114-WA0018-e1579066131865-100x100.jpg 100w\" sizes=\"(max-width: 150px) 100vw, 150px\" \/><\/a>\n\t\t\t<\/div><\/figure><figure class='gallery-item'>\n\t\t\t<div class='gallery-icon portrait'>\n\t\t\t\t<a data-elementor-open-lightbox=\"yes\" data-elementor-lightbox-slideshow=\"bf8de81\" data-elementor-lightbox-title=\"IMG-20200114-WA0019\" href='https:\/\/ffbruck-waasen.at\/wp-content\/uploads\/2020\/01\/IMG-20200114-WA0019.jpg'><img width=\"150\" height=\"150\" src=\"https:\/\/ffbruck-waasen.at\/wp-content\/uploads\/2020\/01\/IMG-20200114-WA0019-150x150.jpg\" class=\"attachment-thumbnail size-thumbnail\" alt=\"\" loading=\"lazy\" srcset=\"https:\/\/ffbruck-waasen.at\/wp-content\/uploads\/2020\/01\/IMG-20200114-WA0019-150x150.jpg 150w, https:\/\/ffbruck-waasen.at\/wp-content\/uploads\/2020\/01\/IMG-20200114-WA0019-400x400.jpg 400w, https:\/\/ffbruck-waasen.at\/wp-content\/uploads\/2020\/01\/IMG-20200114-WA0019-780x780.jpg 780w, https:\/\/ffbruck-waasen.at\/wp-content\/uploads\/2020\/01\/IMG-20200114-WA0019-1200x1200.jpg 1200w, https:\/\/ffbruck-waasen.at\/wp-content\/uploads\/2020\/01\/IMG-20200114-WA0019-300x300.jpg 300w, https:\/\/ffbruck-waasen.at\/wp-content\/uploads\/2020\/01\/IMG-20200114-WA0019-100x100.jpg 100w\" sizes=\"(max-width: 150px) 100vw, 150px\" \/><\/a>\n\t\t\t<\/div><\/figure><figure class='gallery-item'>\n\t\t\t<div class='gallery-icon portrait'>\n\t\t\t\t<a data-elementor-open-lightbox=\"yes\" data-elementor-lightbox-slideshow=\"bf8de81\" data-elementor-lightbox-title=\"IMG-20200114-WA0020\" href='https:\/\/ffbruck-waasen.at\/wp-content\/uploads\/2020\/01\/IMG-20200114-WA0020-1.jpg'><img width=\"150\" height=\"150\" src=\"https:\/\/ffbruck-waasen.at\/wp-content\/uploads\/2020\/01\/IMG-20200114-WA0020-1-150x150.jpg\" class=\"attachment-thumbnail size-thumbnail\" alt=\"\" loading=\"lazy\" srcset=\"https:\/\/ffbruck-waasen.at\/wp-content\/uploads\/2020\/01\/IMG-20200114-WA0020-1-150x150.jpg 150w, https:\/\/ffbruck-waasen.at\/wp-content\/uploads\/2020\/01\/IMG-20200114-WA0020-1-400x400.jpg 400w, https:\/\/ffbruck-waasen.at\/wp-content\/uploads\/2020\/01\/IMG-20200114-WA0020-1-780x780.jpg 780w, https:\/\/ffbruck-waasen.at\/wp-content\/uploads\/2020\/01\/IMG-20200114-WA0020-1-1200x1200.jpg 1200w, https:\/\/ffbruck-waasen.at\/wp-content\/uploads\/2020\/01\/IMG-20200114-WA0020-1-300x300.jpg 300w, https:\/\/ffbruck-waasen.at\/wp-content\/uploads\/2020\/01\/IMG-20200114-WA0020-1-100x100.jpg 100w\" sizes=\"(max-width: 150px) 100vw, 150px\" \/><\/a>\n\t\t\t<\/div><\/figure>\n\t\t<\/div>\n\t\t<\/div>\n\t\t\t\t<\/div>\n\t\t\t\t<\/div>\n\t\t\t\t\t\t<\/div>\n\t\t\t\t\t<\/div>\n\t\t<\/div>\n\t\t\t\t\t\t\t\t<\/div>\n\t\t\t\t\t<\/div>\n\t\t<\/section>\n\t\t\t\t\t\t<\/div>\n\t\t\t\t\t\t<\/div>\n\t\t\t\t\t<\/div>\n\t\t","protected":false},"excerpt":{"rendered":"<p>Am Dienstag, 14. J\u00e4nner fand unsere Monats\u00fcbung statt. Bei dieser \u00dcbung wurde auf unsere neuen Rettungsger\u00e4te, das Spineboard und die Rettungshaube, n\u00e4her eingegangen. Einige Kameraden<\/p>\n","protected":false},"author":1,"featured_media":2800,"comment_status":"open","ping_status":"open","sticky":false,"template":"","format":"standard","meta":[],"categories":[152],"tags":[],"_links":{"self":[{"href":"https:\/\/ffbruck-waasen.at\/index.php\/wp-json\/wp\/v2\/posts\/2798"}],"collection":[{"href":"https:\/\/ffbruck-waasen.at\/index.php\/wp-json\/wp\/v2\/posts"}],"about":[{"href":"https:\/\/ffbruck-waasen.at\/index.php\/wp-json\/wp\/v2\/types\/post"}],"author":[{"embeddable":true,"href":"https:\/\/ffbruck-waasen.at\/index.php\/wp-json\/wp\/v2\/users\/1"}],"replies":[{"embeddable":true,"href":"https:\/\/ffbruck-waasen.at\/index.php\/wp-json\/wp\/v2\/comments?post=2798"}],"version-history":[{"count":2,"href":"https:\/\/ffbruck-waasen.at\/index.php\/wp-json\/wp\/v2\/posts\/2798\/revisions"}],"predecessor-version":[{"id":2806,"href":"https:\/\/ffbruck-waasen.at\/index.php\/wp-json\/wp\/v2\/posts\/2798\/revisions\/2806"}],"wp:featuredmedia":[{"embeddable":true,"href":"https:\/\/ffbruck-waasen.at\/index.php\/wp-json\/wp\/v2\/media\/2800"}],"wp:attachment":[{"href":"https:\/\/ffbruck-waasen.at\/index.php\/wp-json\/wp\/v2\/media?parent=2798"}],"wp:term":[{"taxonomy":"category","embeddable":true,"href":"https:\/\/ffbruck-waasen.at\/index.php\/wp-json\/wp\/v2\/categories?post=2798"},{"taxonomy":"post_tag","embeddable":true,"href":"https:\/\/ffbruck-waasen.at\/index.php\/wp-json\/wp\/v2\/tags?post=2798"}],"curies":[{"name":"wp","href":"https:\/\/api.w.org\/{rel}","templated":true}]}}