{"id":2824,"date":"2020-01-27T10:53:08","date_gmt":"2020-01-27T09:53:08","guid":{"rendered":"https:\/\/ffbruck-waasen.at\/?p=2824"},"modified":"2020-01-27T12:01:40","modified_gmt":"2020-01-27T11:01:40","slug":"ehrennadel-in-gold-fur-e-hbi-siegi-benezeder","status":"publish","type":"post","link":"https:\/\/ffbruck-waasen.at\/index.php\/2020\/01\/27\/ehrennadel-in-gold-fur-e-hbi-siegi-benezeder\/","title":{"rendered":"Ehrennadel in Gold f\u00fcr E-HBI Siegi Benezeder"},"content":{"rendered":"<p>Die Gemeinde Peuerbach, mit Bgm. Oberlehner an der Spitze lud die Vertreter der Vereine und Organisationen zum Neujahrsempfang ins Melodium. An diesem Abend wurden unter anderem Ehrungen von Personen vorgenommen, die der Gemeinde bzw. der \u00d6ffentlichkeit gro\u00dfes Engagement und pers\u00f6nlichen Einsatz erwiesen haben. Diese hohen Auszeichnung, die Ehrennadel in Gold, ging auch an unseren E-HBI Siegfried Benezeder. Wir gratulieren sehr herzlich und sch\u00e4tzen seine Bem\u00fchungen f\u00fcr die FF Bruck-Waasen!<\/p>\n","protected":false},"excerpt":{"rendered":"<p>Die Gemeinde Peuerbach, mit Bgm. Oberlehner an der Spitze lud die Vertreter der Vereine und Organisationen zum Neujahrsempfang ins Melodium. An diesem Abend wurden unter<\/p>\n","protected":false},"author":1,"featured_media":2825,"comment_status":"open","ping_status":"open","sticky":false,"template":"","format":"standard","meta":[],"categories":[161],"tags":[],"_links":{"self":[{"href":"https:\/\/ffbruck-waasen.at\/index.php\/wp-json\/wp\/v2\/posts\/2824"}],"collection":[{"href":"https:\/\/ffbruck-waasen.at\/index.php\/wp-json\/wp\/v2\/posts"}],"about":[{"href":"https:\/\/ffbruck-waasen.at\/index.php\/wp-json\/wp\/v2\/types\/post"}],"author":[{"embeddable":true,"href":"https:\/\/ffbruck-waasen.at\/index.php\/wp-json\/wp\/v2\/users\/1"}],"replies":[{"embeddable":true,"href":"https:\/\/ffbruck-waasen.at\/index.php\/wp-json\/wp\/v2\/comments?post=2824"}],"version-history":[{"count":2,"href":"https:\/\/ffbruck-waasen.at\/index.php\/wp-json\/wp\/v2\/posts\/2824\/revisions"}],"predecessor-version":[{"id":2838,"href":"https:\/\/ffbruck-waasen.at\/index.php\/wp-json\/wp\/v2\/posts\/2824\/revisions\/2838"}],"wp:featuredmedia":[{"embeddable":true,"href":"https:\/\/ffbruck-waasen.at\/index.php\/wp-json\/wp\/v2\/media\/2825"}],"wp:attachment":[{"href":"https:\/\/ffbruck-waasen.at\/index.php\/wp-json\/wp\/v2\/media?parent=2824"}],"wp:term":[{"taxonomy":"category","embeddable":true,"href":"https:\/\/ffbruck-waasen.at\/index.php\/wp-json\/wp\/v2\/categories?post=2824"},{"taxonomy":"post_tag","embeddable":true,"href":"https:\/\/ffbruck-waasen.at\/index.php\/wp-json\/wp\/v2\/tags?post=2824"}],"curies":[{"name":"wp","href":"https:\/\/api.w.org\/{rel}","templated":true}]}}