{"id":2827,"date":"2020-01-27T11:35:22","date_gmt":"2020-01-27T10:35:22","guid":{"rendered":"https:\/\/ffbruck-waasen.at\/?p=2827"},"modified":"2020-01-27T15:27:37","modified_gmt":"2020-01-27T14:27:37","slug":"ausbau-dachboden","status":"publish","type":"post","link":"https:\/\/ffbruck-waasen.at\/index.php\/2020\/01\/27\/ausbau-dachboden\/","title":{"rendered":"Ausbau Dachboden"},"content":{"rendered":"\t\t<div data-elementor-type=\"wp-post\" data-elementor-id=\"2827\" class=\"elementor elementor-2827\" data-elementor-settings=\"[]\">\n\t\t\t\t\t\t<div class=\"elementor-inner\">\n\t\t\t\t\t\t\t<div class=\"elementor-section-wrap\">\n\t\t\t\t\t\t\t<section class=\"elementor-section elementor-top-section elementor-element elementor-element-6299e379 elementor-section-boxed elementor-section-height-default elementor-section-height-default\" data-id=\"6299e379\" data-element_type=\"section\">\n\t\t\t\t\t\t<div class=\"elementor-container elementor-column-gap-default\">\n\t\t\t\t\t\t\t<div class=\"elementor-row\">\n\t\t\t\t\t<div class=\"elementor-column elementor-col-100 elementor-top-column elementor-element elementor-element-73b06da7\" data-id=\"73b06da7\" data-element_type=\"column\">\n\t\t\t<div class=\"elementor-column-wrap elementor-element-populated\">\n\t\t\t\t\t\t\t<div class=\"elementor-widget-wrap\">\n\t\t\t\t\t\t<div class=\"elementor-element elementor-element-15e63d3f elementor-widget elementor-widget-text-editor\" data-id=\"15e63d3f\" data-element_type=\"widget\" data-widget_type=\"text-editor.default\">\n\t\t\t\t<div class=\"elementor-widget-container\">\n\t\t\t\t\t<div class=\"elementor-text-editor elementor-clearfix\"><p>Im neuen Jahr hat die FF Bruck-Waasen eine neues Bauprojekt gestartet. In Eigenregie wird der Dachboden um einen neuen Gemeinschaftsraum erweitert. Dank der breit gestreuten Ausbildungen und Berufe unserer Kameraden k\u00f6nnen die Arbeiten vollst\u00e4ndig selbst durchgef\u00fchrt werden. Zahlreiche ehrenamtliche Stunden wurden und werden noch in den Ausbau gesteckt bis dann im Sommer die R\u00e4umlichkeiten bezogen werden k\u00f6nnen.<\/p><blockquote><p>Vielen Dank an die zahlreichen Helfer, angef\u00fchrt von &#8220;Polier&#8221; Rene Oberndorfer, f\u00fcr den unerm\u00fcdlichen Einsatz!<\/p><\/blockquote><\/div>\n\t\t\t\t<\/div>\n\t\t\t\t<\/div>\n\t\t\t\t\t\t<\/div>\n\t\t\t\t\t<\/div>\n\t\t<\/div>\n\t\t\t\t\t\t\t\t<\/div>\n\t\t\t\t\t<\/div>\n\t\t<\/section>\n\t\t\t\t<section class=\"elementor-section elementor-top-section elementor-element elementor-element-90e3f0b elementor-section-boxed elementor-section-height-default elementor-section-height-default\" data-id=\"90e3f0b\" data-element_type=\"section\">\n\t\t\t\t\t\t<div class=\"elementor-container elementor-column-gap-default\">\n\t\t\t\t\t\t\t<div class=\"elementor-row\">\n\t\t\t\t\t<div class=\"elementor-column elementor-col-100 elementor-top-column elementor-element elementor-element-113d389\" data-id=\"113d389\" data-element_type=\"column\">\n\t\t\t<div class=\"elementor-column-wrap elementor-element-populated\">\n\t\t\t\t\t\t\t<div class=\"elementor-widget-wrap\">\n\t\t\t\t\t\t<div class=\"elementor-element elementor-element-e4b42be gallery-spacing-custom elementor-widget elementor-widget-image-gallery\" data-id=\"e4b42be\" data-element_type=\"widget\" data-widget_type=\"image-gallery.default\">\n\t\t\t\t<div class=\"elementor-widget-container\">\n\t\t\t\t\t<div class=\"elementor-image-gallery\">\n\t\t\t<div id='gallery-1' class='gallery galleryid-2827 gallery-columns-4 gallery-size-thumbnail'><figure class='gallery-item'>\n\t\t\t<div class='gallery-icon portrait'>\n\t\t\t\t<a data-elementor-open-lightbox=\"yes\" data-elementor-lightbox-slideshow=\"e4b42be\" data-elementor-lightbox-title=\"IMG-20200126-WA0005\" href='https:\/\/ffbruck-waasen.at\/wp-content\/uploads\/2020\/01\/IMG-20200126-WA0005.jpg'><img width=\"150\" height=\"150\" src=\"https:\/\/ffbruck-waasen.at\/wp-content\/uploads\/2020\/01\/IMG-20200126-WA0005-150x150.jpg\" class=\"attachment-thumbnail size-thumbnail\" alt=\"\" loading=\"lazy\" srcset=\"https:\/\/ffbruck-waasen.at\/wp-content\/uploads\/2020\/01\/IMG-20200126-WA0005-150x150.jpg 150w, https:\/\/ffbruck-waasen.at\/wp-content\/uploads\/2020\/01\/IMG-20200126-WA0005-400x400.jpg 400w, https:\/\/ffbruck-waasen.at\/wp-content\/uploads\/2020\/01\/IMG-20200126-WA0005-780x780.jpg 780w, https:\/\/ffbruck-waasen.at\/wp-content\/uploads\/2020\/01\/IMG-20200126-WA0005-300x300.jpg 300w, https:\/\/ffbruck-waasen.at\/wp-content\/uploads\/2020\/01\/IMG-20200126-WA0005-100x100.jpg 100w\" sizes=\"(max-width: 150px) 100vw, 150px\" \/><\/a>\n\t\t\t<\/div><\/figure><figure class='gallery-item'>\n\t\t\t<div class='gallery-icon landscape'>\n\t\t\t\t<a data-elementor-open-lightbox=\"yes\" data-elementor-lightbox-slideshow=\"e4b42be\" data-elementor-lightbox-title=\"IMG-20200126-WA0004\" href='https:\/\/ffbruck-waasen.at\/wp-content\/uploads\/2020\/01\/IMG-20200126-WA0004-1.jpg'><img width=\"150\" height=\"150\" src=\"https:\/\/ffbruck-waasen.at\/wp-content\/uploads\/2020\/01\/IMG-20200126-WA0004-1-150x150.jpg\" class=\"attachment-thumbnail size-thumbnail\" alt=\"\" loading=\"lazy\" srcset=\"https:\/\/ffbruck-waasen.at\/wp-content\/uploads\/2020\/01\/IMG-20200126-WA0004-1-150x150.jpg 150w, https:\/\/ffbruck-waasen.at\/wp-content\/uploads\/2020\/01\/IMG-20200126-WA0004-1-400x400.jpg 400w, https:\/\/ffbruck-waasen.at\/wp-content\/uploads\/2020\/01\/IMG-20200126-WA0004-1-780x780.jpg 780w, https:\/\/ffbruck-waasen.at\/wp-content\/uploads\/2020\/01\/IMG-20200126-WA0004-1-300x300.jpg 300w, https:\/\/ffbruck-waasen.at\/wp-content\/uploads\/2020\/01\/IMG-20200126-WA0004-1-100x100.jpg 100w\" sizes=\"(max-width: 150px) 100vw, 150px\" \/><\/a>\n\t\t\t<\/div><\/figure><figure class='gallery-item'>\n\t\t\t<div class='gallery-icon landscape'>\n\t\t\t\t<a data-elementor-open-lightbox=\"yes\" data-elementor-lightbox-slideshow=\"e4b42be\" data-elementor-lightbox-title=\"IMG-20200126-WA0003\" href='https:\/\/ffbruck-waasen.at\/wp-content\/uploads\/2020\/01\/IMG-20200126-WA0003.jpg'><img width=\"150\" height=\"150\" src=\"https:\/\/ffbruck-waasen.at\/wp-content\/uploads\/2020\/01\/IMG-20200126-WA0003-150x150.jpg\" class=\"attachment-thumbnail size-thumbnail\" alt=\"\" loading=\"lazy\" srcset=\"https:\/\/ffbruck-waasen.at\/wp-content\/uploads\/2020\/01\/IMG-20200126-WA0003-150x150.jpg 150w, https:\/\/ffbruck-waasen.at\/wp-content\/uploads\/2020\/01\/IMG-20200126-WA0003-400x400.jpg 400w, https:\/\/ffbruck-waasen.at\/wp-content\/uploads\/2020\/01\/IMG-20200126-WA0003-780x780.jpg 780w, https:\/\/ffbruck-waasen.at\/wp-content\/uploads\/2020\/01\/IMG-20200126-WA0003-300x300.jpg 300w, https:\/\/ffbruck-waasen.at\/wp-content\/uploads\/2020\/01\/IMG-20200126-WA0003-100x100.jpg 100w\" sizes=\"(max-width: 150px) 100vw, 150px\" \/><\/a>\n\t\t\t<\/div><\/figure><figure class='gallery-item'>\n\t\t\t<div class='gallery-icon landscape'>\n\t\t\t\t<a data-elementor-open-lightbox=\"yes\" data-elementor-lightbox-slideshow=\"e4b42be\" data-elementor-lightbox-title=\"IMG-20200126-WA0002\" href='https:\/\/ffbruck-waasen.at\/wp-content\/uploads\/2020\/01\/IMG-20200126-WA0002.jpg'><img width=\"150\" height=\"150\" src=\"https:\/\/ffbruck-waasen.at\/wp-content\/uploads\/2020\/01\/IMG-20200126-WA0002-150x150.jpg\" class=\"attachment-thumbnail size-thumbnail\" alt=\"\" loading=\"lazy\" srcset=\"https:\/\/ffbruck-waasen.at\/wp-content\/uploads\/2020\/01\/IMG-20200126-WA0002-150x150.jpg 150w, https:\/\/ffbruck-waasen.at\/wp-content\/uploads\/2020\/01\/IMG-20200126-WA0002-400x400.jpg 400w, https:\/\/ffbruck-waasen.at\/wp-content\/uploads\/2020\/01\/IMG-20200126-WA0002-780x780.jpg 780w, https:\/\/ffbruck-waasen.at\/wp-content\/uploads\/2020\/01\/IMG-20200126-WA0002-300x300.jpg 300w, https:\/\/ffbruck-waasen.at\/wp-content\/uploads\/2020\/01\/IMG-20200126-WA0002-100x100.jpg 100w\" sizes=\"(max-width: 150px) 100vw, 150px\" \/><\/a>\n\t\t\t<\/div><\/figure><figure class='gallery-item'>\n\t\t\t<div class='gallery-icon landscape'>\n\t\t\t\t<a data-elementor-open-lightbox=\"yes\" data-elementor-lightbox-slideshow=\"e4b42be\" data-elementor-lightbox-title=\"IMG-20200126-WA0001\" href='https:\/\/ffbruck-waasen.at\/wp-content\/uploads\/2020\/01\/IMG-20200126-WA0001.jpg'><img width=\"150\" height=\"150\" src=\"https:\/\/ffbruck-waasen.at\/wp-content\/uploads\/2020\/01\/IMG-20200126-WA0001-150x150.jpg\" class=\"attachment-thumbnail size-thumbnail\" alt=\"\" loading=\"lazy\" srcset=\"https:\/\/ffbruck-waasen.at\/wp-content\/uploads\/2020\/01\/IMG-20200126-WA0001-150x150.jpg 150w, https:\/\/ffbruck-waasen.at\/wp-content\/uploads\/2020\/01\/IMG-20200126-WA0001-400x400.jpg 400w, https:\/\/ffbruck-waasen.at\/wp-content\/uploads\/2020\/01\/IMG-20200126-WA0001-780x780.jpg 780w, https:\/\/ffbruck-waasen.at\/wp-content\/uploads\/2020\/01\/IMG-20200126-WA0001-300x300.jpg 300w, https:\/\/ffbruck-waasen.at\/wp-content\/uploads\/2020\/01\/IMG-20200126-WA0001-100x100.jpg 100w\" sizes=\"(max-width: 150px) 100vw, 150px\" \/><\/a>\n\t\t\t<\/div><\/figure>\n\t\t<\/div>\n\t\t<\/div>\n\t\t\t\t<\/div>\n\t\t\t\t<\/div>\n\t\t\t\t\t\t<\/div>\n\t\t\t\t\t<\/div>\n\t\t<\/div>\n\t\t\t\t\t\t\t\t<\/div>\n\t\t\t\t\t<\/div>\n\t\t<\/section>\n\t\t\t\t\t\t<\/div>\n\t\t\t\t\t\t<\/div>\n\t\t\t\t\t<\/div>\n\t\t","protected":false},"excerpt":{"rendered":"<p>Im neuen Jahr hat die FF Bruck-Waasen eine neues Bauprojekt gestartet. In Eigenregie wird der Dachboden um einen neuen Gemeinschaftsraum erweitert. Dank der breit gestreuten<\/p>\n","protected":false},"author":1,"featured_media":2828,"comment_status":"open","ping_status":"open","sticky":false,"template":"","format":"standard","meta":[],"categories":[161],"tags":[],"_links":{"self":[{"href":"https:\/\/ffbruck-waasen.at\/index.php\/wp-json\/wp\/v2\/posts\/2827"}],"collection":[{"href":"https:\/\/ffbruck-waasen.at\/index.php\/wp-json\/wp\/v2\/posts"}],"about":[{"href":"https:\/\/ffbruck-waasen.at\/index.php\/wp-json\/wp\/v2\/types\/post"}],"author":[{"embeddable":true,"href":"https:\/\/ffbruck-waasen.at\/index.php\/wp-json\/wp\/v2\/users\/1"}],"replies":[{"embeddable":true,"href":"https:\/\/ffbruck-waasen.at\/index.php\/wp-json\/wp\/v2\/comments?post=2827"}],"version-history":[{"count":6,"href":"https:\/\/ffbruck-waasen.at\/index.php\/wp-json\/wp\/v2\/posts\/2827\/revisions"}],"predecessor-version":[{"id":2840,"href":"https:\/\/ffbruck-waasen.at\/index.php\/wp-json\/wp\/v2\/posts\/2827\/revisions\/2840"}],"wp:featuredmedia":[{"embeddable":true,"href":"https:\/\/ffbruck-waasen.at\/index.php\/wp-json\/wp\/v2\/media\/2828"}],"wp:attachment":[{"href":"https:\/\/ffbruck-waasen.at\/index.php\/wp-json\/wp\/v2\/media?parent=2827"}],"wp:term":[{"taxonomy":"category","embeddable":true,"href":"https:\/\/ffbruck-waasen.at\/index.php\/wp-json\/wp\/v2\/categories?post=2827"},{"taxonomy":"post_tag","embeddable":true,"href":"https:\/\/ffbruck-waasen.at\/index.php\/wp-json\/wp\/v2\/tags?post=2827"}],"curies":[{"name":"wp","href":"https:\/\/api.w.org\/{rel}","templated":true}]}}