{"id":3145,"date":"2020-10-21T15:54:11","date_gmt":"2020-10-21T14:54:11","guid":{"rendered":"https:\/\/ffbruck-waasen.at\/?p=3145"},"modified":"2020-11-22T10:00:32","modified_gmt":"2020-11-22T09:00:32","slug":"olspur-ratzling","status":"publish","type":"post","link":"https:\/\/ffbruck-waasen.at\/index.php\/2020\/10\/21\/olspur-ratzling\/","title":{"rendered":"\u00d6lspur Ratzling"},"content":{"rendered":"\t\t<div data-elementor-type=\"wp-post\" data-elementor-id=\"3145\" class=\"elementor elementor-3145\" data-elementor-settings=\"[]\">\n\t\t\t\t\t\t<div class=\"elementor-inner\">\n\t\t\t\t\t\t\t<div class=\"elementor-section-wrap\">\n\t\t\t\t\t\t\t<section class=\"elementor-section elementor-top-section elementor-element elementor-element-2e953167 elementor-section-boxed elementor-section-height-default elementor-section-height-default\" data-id=\"2e953167\" data-element_type=\"section\">\n\t\t\t\t\t\t<div class=\"elementor-container elementor-column-gap-default\">\n\t\t\t\t\t\t\t<div class=\"elementor-row\">\n\t\t\t\t\t<div class=\"elementor-column elementor-col-100 elementor-top-column elementor-element elementor-element-7facfdb6\" data-id=\"7facfdb6\" data-element_type=\"column\">\n\t\t\t<div class=\"elementor-column-wrap elementor-element-populated\">\n\t\t\t\t\t\t\t<div class=\"elementor-widget-wrap\">\n\t\t\t\t\t\t<div class=\"elementor-element elementor-element-29830343 elementor-widget elementor-widget-text-editor\" data-id=\"29830343\" data-element_type=\"widget\" data-widget_type=\"text-editor.default\">\n\t\t\t\t<div class=\"elementor-widget-container\">\n\t\t\t\t\t<div class=\"elementor-text-editor elementor-clearfix\"><div dir=\"auto\">Unsere Feuerwehr wurde am sp\u00e4ten Nachmittag zum Binden einer \u00d6lspur alarmiert. Die ausgedehnte \u00d6lspur erstreckte sich von Bruck bis nach Ratzling. Die 16 Feuerwehrm\u00e4nner waren rund 1,5h zum Binden der \u00d6lspur besch\u00e4ftigt.<\/div><\/div>\n\t\t\t\t<\/div>\n\t\t\t\t<\/div>\n\t\t\t\t\t\t<\/div>\n\t\t\t\t\t<\/div>\n\t\t<\/div>\n\t\t\t\t\t\t\t\t<\/div>\n\t\t\t\t\t<\/div>\n\t\t<\/section>\n\t\t\t\t<section class=\"elementor-section elementor-top-section elementor-element elementor-element-31a4212 elementor-section-boxed elementor-section-height-default elementor-section-height-default\" data-id=\"31a4212\" data-element_type=\"section\">\n\t\t\t\t\t\t<div class=\"elementor-container elementor-column-gap-default\">\n\t\t\t\t\t\t\t<div class=\"elementor-row\">\n\t\t\t\t\t<div class=\"elementor-column elementor-col-100 elementor-top-column elementor-element elementor-element-e2c3d82\" data-id=\"e2c3d82\" data-element_type=\"column\">\n\t\t\t<div class=\"elementor-column-wrap elementor-element-populated\">\n\t\t\t\t\t\t\t<div class=\"elementor-widget-wrap\">\n\t\t\t\t\t\t<div class=\"elementor-element elementor-element-cf1c4c3 gallery-spacing-custom elementor-widget elementor-widget-image-gallery\" data-id=\"cf1c4c3\" data-element_type=\"widget\" data-widget_type=\"image-gallery.default\">\n\t\t\t\t<div class=\"elementor-widget-container\">\n\t\t\t\t\t<div class=\"elementor-image-gallery\">\n\t\t\t<div id='gallery-1' class='gallery galleryid-3145 gallery-columns-2 gallery-size-medium'><figure class='gallery-item'>\n\t\t\t<div class='gallery-icon landscape'>\n\t\t\t\t<a data-elementor-open-lightbox=\"yes\" data-elementor-lightbox-slideshow=\"cf1c4c3\" data-elementor-lightbox-title=\"122109741_3375313489172942_8809459335205237168_o\" href='https:\/\/ffbruck-waasen.at\/wp-content\/uploads\/2020\/11\/122109741_3375313489172942_8809459335205237168_o-1.jpg'><img width=\"300\" height=\"300\" src=\"https:\/\/ffbruck-waasen.at\/wp-content\/uploads\/2020\/11\/122109741_3375313489172942_8809459335205237168_o-1-300x300.jpg\" class=\"attachment-medium size-medium\" alt=\"\" loading=\"lazy\" srcset=\"https:\/\/ffbruck-waasen.at\/wp-content\/uploads\/2020\/11\/122109741_3375313489172942_8809459335205237168_o-1-300x300.jpg 300w, https:\/\/ffbruck-waasen.at\/wp-content\/uploads\/2020\/11\/122109741_3375313489172942_8809459335205237168_o-1-1024x1024.jpg 1024w, https:\/\/ffbruck-waasen.at\/wp-content\/uploads\/2020\/11\/122109741_3375313489172942_8809459335205237168_o-1-150x150.jpg 150w, https:\/\/ffbruck-waasen.at\/wp-content\/uploads\/2020\/11\/122109741_3375313489172942_8809459335205237168_o-1-768x768.jpg 768w, https:\/\/ffbruck-waasen.at\/wp-content\/uploads\/2020\/11\/122109741_3375313489172942_8809459335205237168_o-1-400x400.jpg 400w, https:\/\/ffbruck-waasen.at\/wp-content\/uploads\/2020\/11\/122109741_3375313489172942_8809459335205237168_o-1-780x780.jpg 780w, https:\/\/ffbruck-waasen.at\/wp-content\/uploads\/2020\/11\/122109741_3375313489172942_8809459335205237168_o-1.jpg 1200w\" sizes=\"(max-width: 300px) 100vw, 300px\" \/><\/a>\n\t\t\t<\/div><\/figure><figure class='gallery-item'>\n\t\t\t<div class='gallery-icon portrait'>\n\t\t\t\t<a data-elementor-open-lightbox=\"yes\" data-elementor-lightbox-slideshow=\"cf1c4c3\" data-elementor-lightbox-title=\"index2\" href='https:\/\/ffbruck-waasen.at\/wp-content\/uploads\/2020\/11\/index2.jpg'><img width=\"225\" height=\"300\" src=\"https:\/\/ffbruck-waasen.at\/wp-content\/uploads\/2020\/11\/index2-225x300.jpg\" class=\"attachment-medium size-medium\" alt=\"\" loading=\"lazy\" srcset=\"https:\/\/ffbruck-waasen.at\/wp-content\/uploads\/2020\/11\/index2-225x300.jpg 225w, https:\/\/ffbruck-waasen.at\/wp-content\/uploads\/2020\/11\/index2-768x1024.jpg 768w, https:\/\/ffbruck-waasen.at\/wp-content\/uploads\/2020\/11\/index2-1152x1536.jpg 1152w, https:\/\/ffbruck-waasen.at\/wp-content\/uploads\/2020\/11\/index2.jpg 1200w\" sizes=\"(max-width: 225px) 100vw, 225px\" \/><\/a>\n\t\t\t<\/div><\/figure><figure class='gallery-item'>\n\t\t\t<div class='gallery-icon portrait'>\n\t\t\t\t<a data-elementor-open-lightbox=\"yes\" data-elementor-lightbox-slideshow=\"cf1c4c3\" data-elementor-lightbox-title=\"index4\" href='https:\/\/ffbruck-waasen.at\/wp-content\/uploads\/2020\/11\/index4.jpg'><img width=\"225\" height=\"300\" src=\"https:\/\/ffbruck-waasen.at\/wp-content\/uploads\/2020\/11\/index4-225x300.jpg\" class=\"attachment-medium size-medium\" alt=\"\" loading=\"lazy\" srcset=\"https:\/\/ffbruck-waasen.at\/wp-content\/uploads\/2020\/11\/index4-225x300.jpg 225w, https:\/\/ffbruck-waasen.at\/wp-content\/uploads\/2020\/11\/index4-768x1024.jpg 768w, https:\/\/ffbruck-waasen.at\/wp-content\/uploads\/2020\/11\/index4-1152x1536.jpg 1152w, https:\/\/ffbruck-waasen.at\/wp-content\/uploads\/2020\/11\/index4.jpg 1200w\" sizes=\"(max-width: 225px) 100vw, 225px\" \/><\/a>\n\t\t\t<\/div><\/figure>\n\t\t<\/div>\n\t\t<\/div>\n\t\t\t\t<\/div>\n\t\t\t\t<\/div>\n\t\t\t\t\t\t<\/div>\n\t\t\t\t\t<\/div>\n\t\t<\/div>\n\t\t\t\t\t\t\t\t<\/div>\n\t\t\t\t\t<\/div>\n\t\t<\/section>\n\t\t\t\t\t\t<\/div>\n\t\t\t\t\t\t<\/div>\n\t\t\t\t\t<\/div>\n\t\t","protected":false},"excerpt":{"rendered":"<p>Unsere Feuerwehr wurde am sp\u00e4ten Nachmittag zum Binden einer \u00d6lspur alarmiert. Die ausgedehnte \u00d6lspur erstreckte sich von Bruck bis nach Ratzling. Die 16 Feuerwehrm\u00e4nner waren<\/p>\n","protected":false},"author":1,"featured_media":3146,"comment_status":"open","ping_status":"open","sticky":false,"template":"","format":"standard","meta":[],"categories":[151],"tags":[],"_links":{"self":[{"href":"https:\/\/ffbruck-waasen.at\/index.php\/wp-json\/wp\/v2\/posts\/3145"}],"collection":[{"href":"https:\/\/ffbruck-waasen.at\/index.php\/wp-json\/wp\/v2\/posts"}],"about":[{"href":"https:\/\/ffbruck-waasen.at\/index.php\/wp-json\/wp\/v2\/types\/post"}],"author":[{"embeddable":true,"href":"https:\/\/ffbruck-waasen.at\/index.php\/wp-json\/wp\/v2\/users\/1"}],"replies":[{"embeddable":true,"href":"https:\/\/ffbruck-waasen.at\/index.php\/wp-json\/wp\/v2\/comments?post=3145"}],"version-history":[{"count":11,"href":"https:\/\/ffbruck-waasen.at\/index.php\/wp-json\/wp\/v2\/posts\/3145\/revisions"}],"predecessor-version":[{"id":3162,"href":"https:\/\/ffbruck-waasen.at\/index.php\/wp-json\/wp\/v2\/posts\/3145\/revisions\/3162"}],"wp:featuredmedia":[{"embeddable":true,"href":"https:\/\/ffbruck-waasen.at\/index.php\/wp-json\/wp\/v2\/media\/3146"}],"wp:attachment":[{"href":"https:\/\/ffbruck-waasen.at\/index.php\/wp-json\/wp\/v2\/media?parent=3145"}],"wp:term":[{"taxonomy":"category","embeddable":true,"href":"https:\/\/ffbruck-waasen.at\/index.php\/wp-json\/wp\/v2\/categories?post=3145"},{"taxonomy":"post_tag","embeddable":true,"href":"https:\/\/ffbruck-waasen.at\/index.php\/wp-json\/wp\/v2\/tags?post=3145"}],"curies":[{"name":"wp","href":"https:\/\/api.w.org\/{rel}","templated":true}]}}