{"id":3280,"date":"2021-04-18T12:49:06","date_gmt":"2021-04-18T11:49:06","guid":{"rendered":"https:\/\/ffbruck-waasen.at\/?p=3280"},"modified":"2021-04-18T12:55:00","modified_gmt":"2021-04-18T11:55:00","slug":"kanalreinigung","status":"publish","type":"post","link":"https:\/\/ffbruck-waasen.at\/index.php\/2021\/04\/18\/kanalreinigung\/","title":{"rendered":"Kanalreinigung"},"content":{"rendered":"\t\t<div data-elementor-type=\"wp-post\" data-elementor-id=\"3280\" class=\"elementor elementor-3280\" data-elementor-settings=\"[]\">\n\t\t\t\t\t\t<div class=\"elementor-inner\">\n\t\t\t\t\t\t\t<div class=\"elementor-section-wrap\">\n\t\t\t\t\t\t\t<section class=\"elementor-section elementor-top-section elementor-element elementor-element-258fb0ba elementor-section-boxed elementor-section-height-default elementor-section-height-default\" data-id=\"258fb0ba\" data-element_type=\"section\">\n\t\t\t\t\t\t<div class=\"elementor-container elementor-column-gap-default\">\n\t\t\t\t\t\t\t<div class=\"elementor-row\">\n\t\t\t\t\t<div class=\"elementor-column elementor-col-100 elementor-top-column elementor-element elementor-element-aa3e611\" data-id=\"aa3e611\" data-element_type=\"column\">\n\t\t\t<div class=\"elementor-column-wrap elementor-element-populated\">\n\t\t\t\t\t\t\t<div class=\"elementor-widget-wrap\">\n\t\t\t\t\t\t<div class=\"elementor-element elementor-element-20e0b1c5 elementor-widget elementor-widget-text-editor\" data-id=\"20e0b1c5\" data-element_type=\"widget\" data-widget_type=\"text-editor.default\">\n\t\t\t\t<div class=\"elementor-widget-container\">\n\t\t\t\t\t<div class=\"elementor-text-editor elementor-clearfix\">Zwei Kameraden legten sich am Samstag mit einem Kanal Ungeheuer <span class=\"pq6dq46d tbxw36s4 knj5qynh kvgmc6g5 ditlmg2l oygrvhab nvdbi5me sf5mxxl7 gl3lb2sf hhz5lgdu\"><img loading=\"lazy\" src=\"https:\/\/static.xx.fbcdn.net\/images\/emoji.php\/v9\/tb2\/3\/16\/1f419.png\" alt=\"\ud83d\udc19\" width=\"16\" height=\"16\" \/><\/span> an. Da das Regenwasser <span class=\"pq6dq46d tbxw36s4 knj5qynh kvgmc6g5 ditlmg2l oygrvhab nvdbi5me sf5mxxl7 gl3lb2sf hhz5lgdu\"><img loading=\"lazy\" src=\"https:\/\/static.xx.fbcdn.net\/images\/emoji.php\/v9\/tff\/3\/16\/1f4a6.png\" alt=\"\ud83d\udca6\" width=\"16\" height=\"16\" \/><\/span> nicht mehr den Weg Richtung Kanalisation gefunden hat, musste die Feuerwehr <span class=\"pq6dq46d tbxw36s4 knj5qynh kvgmc6g5 ditlmg2l oygrvhab nvdbi5me sf5mxxl7 gl3lb2sf hhz5lgdu\"><img loading=\"lazy\" src=\"https:\/\/static.xx.fbcdn.net\/images\/emoji.php\/v9\/ta5\/3\/16\/1f692.png\" alt=\"\ud83d\ude92\" width=\"16\" height=\"16\" \/><\/span> her um die Verstopfung wieder zu beseitigen. Mittels Kanalratte fra\u00dfen wir uns einen Weg durch das Rohr und das Wasser konnte wieder abflie\u00dfen. Doch das war nicht alles. Ein gigantisches schwarzes Gew\u00e4chs aus dem Untergrund hatte sich bis tief in das Rohr eingenistet. Mit Manneskraft <span class=\"pq6dq46d tbxw36s4 knj5qynh kvgmc6g5 ditlmg2l oygrvhab nvdbi5me sf5mxxl7 gl3lb2sf hhz5lgdu\"><img loading=\"lazy\" src=\"https:\/\/static.xx.fbcdn.net\/images\/emoji.php\/v9\/ta5\/3\/16\/1f4aa_1f3fb.png\" alt=\"\ud83d\udcaa\ud83c\udffb\" width=\"16\" height=\"16\" \/><\/span> zogen wir die Schlange raus und befreiten den Kanal vom unerw\u00fcnschten Bewohner.<\/div>\n\t\t\t\t<\/div>\n\t\t\t\t<\/div>\n\t\t\t\t\t\t<\/div>\n\t\t\t\t\t<\/div>\n\t\t<\/div>\n\t\t\t\t\t\t\t\t<\/div>\n\t\t\t\t\t<\/div>\n\t\t<\/section>\n\t\t\t\t<section class=\"elementor-section elementor-top-section elementor-element elementor-element-2dcb4c5 elementor-section-boxed elementor-section-height-default elementor-section-height-default\" data-id=\"2dcb4c5\" data-element_type=\"section\">\n\t\t\t\t\t\t<div class=\"elementor-container elementor-column-gap-default\">\n\t\t\t\t\t\t\t<div class=\"elementor-row\">\n\t\t\t\t\t<div class=\"elementor-column elementor-col-100 elementor-top-column elementor-element elementor-element-99b3ab7\" data-id=\"99b3ab7\" data-element_type=\"column\">\n\t\t\t<div class=\"elementor-column-wrap elementor-element-populated\">\n\t\t\t\t\t\t\t<div class=\"elementor-widget-wrap\">\n\t\t\t\t\t\t<div class=\"elementor-element elementor-element-54a4e3c gallery-spacing-custom elementor-widget elementor-widget-image-gallery\" data-id=\"54a4e3c\" data-element_type=\"widget\" data-widget_type=\"image-gallery.default\">\n\t\t\t\t<div class=\"elementor-widget-container\">\n\t\t\t\t\t<div class=\"elementor-image-gallery\">\n\t\t\t<div id='gallery-1' class='gallery galleryid-3280 gallery-columns-4 gallery-size-thumbnail'><figure class='gallery-item'>\n\t\t\t<div class='gallery-icon landscape'>\n\t\t\t\t<a data-elementor-open-lightbox=\"yes\" data-elementor-lightbox-slideshow=\"54a4e3c\" data-elementor-lightbox-title=\"20210417_103356_kl\" href='https:\/\/ffbruck-waasen.at\/wp-content\/uploads\/2021\/04\/20210417_103356_kl.jpg'><img width=\"150\" height=\"150\" src=\"https:\/\/ffbruck-waasen.at\/wp-content\/uploads\/2021\/04\/20210417_103356_kl-150x150.jpg\" class=\"attachment-thumbnail size-thumbnail\" alt=\"\" loading=\"lazy\" srcset=\"https:\/\/ffbruck-waasen.at\/wp-content\/uploads\/2021\/04\/20210417_103356_kl-150x150.jpg 150w, https:\/\/ffbruck-waasen.at\/wp-content\/uploads\/2021\/04\/20210417_103356_kl-400x400.jpg 400w, https:\/\/ffbruck-waasen.at\/wp-content\/uploads\/2021\/04\/20210417_103356_kl-780x780.jpg 780w, https:\/\/ffbruck-waasen.at\/wp-content\/uploads\/2021\/04\/20210417_103356_kl-1200x1200.jpg 1200w\" sizes=\"(max-width: 150px) 100vw, 150px\" \/><\/a>\n\t\t\t<\/div><\/figure><figure class='gallery-item'>\n\t\t\t<div class='gallery-icon landscape'>\n\t\t\t\t<a data-elementor-open-lightbox=\"yes\" data-elementor-lightbox-slideshow=\"54a4e3c\" data-elementor-lightbox-title=\"20210417_103425_kl\" href='https:\/\/ffbruck-waasen.at\/wp-content\/uploads\/2021\/04\/20210417_103425_kl.jpg'><img width=\"150\" height=\"150\" src=\"https:\/\/ffbruck-waasen.at\/wp-content\/uploads\/2021\/04\/20210417_103425_kl-150x150.jpg\" class=\"attachment-thumbnail size-thumbnail\" alt=\"\" loading=\"lazy\" srcset=\"https:\/\/ffbruck-waasen.at\/wp-content\/uploads\/2021\/04\/20210417_103425_kl-150x150.jpg 150w, https:\/\/ffbruck-waasen.at\/wp-content\/uploads\/2021\/04\/20210417_103425_kl-400x400.jpg 400w, https:\/\/ffbruck-waasen.at\/wp-content\/uploads\/2021\/04\/20210417_103425_kl-780x780.jpg 780w, https:\/\/ffbruck-waasen.at\/wp-content\/uploads\/2021\/04\/20210417_103425_kl-1200x1200.jpg 1200w\" sizes=\"(max-width: 150px) 100vw, 150px\" \/><\/a>\n\t\t\t<\/div><\/figure><figure class='gallery-item'>\n\t\t\t<div class='gallery-icon landscape'>\n\t\t\t\t<a data-elementor-open-lightbox=\"yes\" data-elementor-lightbox-slideshow=\"54a4e3c\" data-elementor-lightbox-title=\"20210417_104048-_kl\" href='https:\/\/ffbruck-waasen.at\/wp-content\/uploads\/2021\/04\/20210417_104048-_kl-1.jpg'><img width=\"150\" height=\"150\" src=\"https:\/\/ffbruck-waasen.at\/wp-content\/uploads\/2021\/04\/20210417_104048-_kl-1-150x150.jpg\" class=\"attachment-thumbnail size-thumbnail\" alt=\"\" loading=\"lazy\" srcset=\"https:\/\/ffbruck-waasen.at\/wp-content\/uploads\/2021\/04\/20210417_104048-_kl-1-150x150.jpg 150w, https:\/\/ffbruck-waasen.at\/wp-content\/uploads\/2021\/04\/20210417_104048-_kl-1-400x400.jpg 400w, https:\/\/ffbruck-waasen.at\/wp-content\/uploads\/2021\/04\/20210417_104048-_kl-1-780x780.jpg 780w, https:\/\/ffbruck-waasen.at\/wp-content\/uploads\/2021\/04\/20210417_104048-_kl-1-1200x1200.jpg 1200w\" sizes=\"(max-width: 150px) 100vw, 150px\" \/><\/a>\n\t\t\t<\/div><\/figure><figure class='gallery-item'>\n\t\t\t<div class='gallery-icon landscape'>\n\t\t\t\t<a data-elementor-open-lightbox=\"yes\" data-elementor-lightbox-slideshow=\"54a4e3c\" data-elementor-lightbox-title=\"20210417_104241_kl\" href='https:\/\/ffbruck-waasen.at\/wp-content\/uploads\/2021\/04\/20210417_104241_kl.jpg'><img width=\"150\" height=\"150\" src=\"https:\/\/ffbruck-waasen.at\/wp-content\/uploads\/2021\/04\/20210417_104241_kl-150x150.jpg\" class=\"attachment-thumbnail size-thumbnail\" alt=\"\" loading=\"lazy\" srcset=\"https:\/\/ffbruck-waasen.at\/wp-content\/uploads\/2021\/04\/20210417_104241_kl-150x150.jpg 150w, https:\/\/ffbruck-waasen.at\/wp-content\/uploads\/2021\/04\/20210417_104241_kl-400x400.jpg 400w, https:\/\/ffbruck-waasen.at\/wp-content\/uploads\/2021\/04\/20210417_104241_kl-780x780.jpg 780w, https:\/\/ffbruck-waasen.at\/wp-content\/uploads\/2021\/04\/20210417_104241_kl-1200x1200.jpg 1200w\" sizes=\"(max-width: 150px) 100vw, 150px\" \/><\/a>\n\t\t\t<\/div><\/figure>\n\t\t<\/div>\n\t\t<\/div>\n\t\t\t\t<\/div>\n\t\t\t\t<\/div>\n\t\t\t\t\t\t<\/div>\n\t\t\t\t\t<\/div>\n\t\t<\/div>\n\t\t\t\t\t\t\t\t<\/div>\n\t\t\t\t\t<\/div>\n\t\t<\/section>\n\t\t\t\t\t\t<\/div>\n\t\t\t\t\t\t<\/div>\n\t\t\t\t\t<\/div>\n\t\t","protected":false},"excerpt":{"rendered":"<p>Zwei Kameraden legten sich am Samstag mit einem Kanal Ungeheuer an. Da das Regenwasser nicht mehr den Weg Richtung Kanalisation gefunden hat, musste die Feuerwehr<\/p>\n","protected":false},"author":1,"featured_media":3281,"comment_status":"open","ping_status":"open","sticky":false,"template":"","format":"standard","meta":[],"categories":[151],"tags":[],"_links":{"self":[{"href":"https:\/\/ffbruck-waasen.at\/index.php\/wp-json\/wp\/v2\/posts\/3280"}],"collection":[{"href":"https:\/\/ffbruck-waasen.at\/index.php\/wp-json\/wp\/v2\/posts"}],"about":[{"href":"https:\/\/ffbruck-waasen.at\/index.php\/wp-json\/wp\/v2\/types\/post"}],"author":[{"embeddable":true,"href":"https:\/\/ffbruck-waasen.at\/index.php\/wp-json\/wp\/v2\/users\/1"}],"replies":[{"embeddable":true,"href":"https:\/\/ffbruck-waasen.at\/index.php\/wp-json\/wp\/v2\/comments?post=3280"}],"version-history":[{"count":5,"href":"https:\/\/ffbruck-waasen.at\/index.php\/wp-json\/wp\/v2\/posts\/3280\/revisions"}],"predecessor-version":[{"id":3291,"href":"https:\/\/ffbruck-waasen.at\/index.php\/wp-json\/wp\/v2\/posts\/3280\/revisions\/3291"}],"wp:featuredmedia":[{"embeddable":true,"href":"https:\/\/ffbruck-waasen.at\/index.php\/wp-json\/wp\/v2\/media\/3281"}],"wp:attachment":[{"href":"https:\/\/ffbruck-waasen.at\/index.php\/wp-json\/wp\/v2\/media?parent=3280"}],"wp:term":[{"taxonomy":"category","embeddable":true,"href":"https:\/\/ffbruck-waasen.at\/index.php\/wp-json\/wp\/v2\/categories?post=3280"},{"taxonomy":"post_tag","embeddable":true,"href":"https:\/\/ffbruck-waasen.at\/index.php\/wp-json\/wp\/v2\/tags?post=3280"}],"curies":[{"name":"wp","href":"https:\/\/api.w.org\/{rel}","templated":true}]}}