{"id":3436,"date":"2022-03-13T20:51:28","date_gmt":"2022-03-13T19:51:28","guid":{"rendered":"https:\/\/ffbruck-waasen.at\/?p=3436"},"modified":"2022-03-13T20:55:04","modified_gmt":"2022-03-13T19:55:04","slug":"kuchenbrand-gasthof-peham","status":"publish","type":"post","link":"https:\/\/ffbruck-waasen.at\/index.php\/2022\/03\/13\/kuchenbrand-gasthof-peham\/","title":{"rendered":"K\u00fcchenbrand Gasthof Peham"},"content":{"rendered":"\t\t<div data-elementor-type=\"wp-post\" data-elementor-id=\"3436\" class=\"elementor elementor-3436\" data-elementor-settings=\"[]\">\n\t\t\t\t\t\t<div class=\"elementor-inner\">\n\t\t\t\t\t\t\t<div class=\"elementor-section-wrap\">\n\t\t\t\t\t\t\t<section class=\"elementor-section elementor-top-section elementor-element elementor-element-4660b27a elementor-section-boxed elementor-section-height-default elementor-section-height-default\" data-id=\"4660b27a\" data-element_type=\"section\">\n\t\t\t\t\t\t<div class=\"elementor-container elementor-column-gap-default\">\n\t\t\t\t\t\t\t<div class=\"elementor-row\">\n\t\t\t\t\t<div class=\"elementor-column elementor-col-100 elementor-top-column elementor-element elementor-element-6ec1da\" data-id=\"6ec1da\" data-element_type=\"column\">\n\t\t\t<div class=\"elementor-column-wrap elementor-element-populated\">\n\t\t\t\t\t\t\t<div class=\"elementor-widget-wrap\">\n\t\t\t\t\t\t<div class=\"elementor-element elementor-element-57b74661 elementor-widget elementor-widget-text-editor\" data-id=\"57b74661\" data-element_type=\"widget\" data-widget_type=\"text-editor.default\">\n\t\t\t\t<div class=\"elementor-widget-container\">\n\t\t\t\t\t<div class=\"elementor-text-editor elementor-clearfix\">Am Nachmittag des 11. M\u00e4rz wurde unsere Feuerwehr zu einem &#8220;Brand Gewerbe&#8221; nach Peuerbach alarmiert. Am Einsatzort hat die FF Peuerbach bereits mit den L\u00f6scharbeiten mit einem Atemschutztrupp begonnen. Wir errichteten ein weitere L\u00f6schleitung mit dem Tankl\u00f6schfahrzeug und kontrollierten mit einem weiteren Atemschutztrupp das Geb\u00e4ude auf Personen, die sich noch im Inneren befinden k\u00f6nnten. Durch die starke Rauchentwicklung mussten alle R\u00e4umlichkeiten mit Hochleistungsl\u00fcftern bel\u00fcftet werden.\r\nZum Gl\u00fcck wurden bei diesem Brand keine Personen verletzt.<\/div>\n\t\t\t\t<\/div>\n\t\t\t\t<\/div>\n\t\t\t\t\t\t<\/div>\n\t\t\t\t\t<\/div>\n\t\t<\/div>\n\t\t\t\t\t\t\t\t<\/div>\n\t\t\t\t\t<\/div>\n\t\t<\/section>\n\t\t\t\t<section class=\"elementor-section elementor-top-section elementor-element elementor-element-3098a4b elementor-section-boxed elementor-section-height-default elementor-section-height-default\" data-id=\"3098a4b\" data-element_type=\"section\">\n\t\t\t\t\t\t<div class=\"elementor-container elementor-column-gap-default\">\n\t\t\t\t\t\t\t<div class=\"elementor-row\">\n\t\t\t\t\t<div class=\"elementor-column elementor-col-100 elementor-top-column elementor-element elementor-element-230cda4\" data-id=\"230cda4\" data-element_type=\"column\">\n\t\t\t<div class=\"elementor-column-wrap elementor-element-populated\">\n\t\t\t\t\t\t\t<div class=\"elementor-widget-wrap\">\n\t\t\t\t\t\t<div class=\"elementor-element elementor-element-3fbfd45 gallery-spacing-custom elementor-widget elementor-widget-image-gallery\" data-id=\"3fbfd45\" data-element_type=\"widget\" data-widget_type=\"image-gallery.default\">\n\t\t\t\t<div class=\"elementor-widget-container\">\n\t\t\t\t\t<div class=\"elementor-image-gallery\">\n\t\t\t<div id='gallery-1' class='gallery galleryid-3436 gallery-columns-4 gallery-size-thumbnail'><figure class='gallery-item'>\n\t\t\t<div class='gallery-icon landscape'>\n\t\t\t\t<a data-elementor-open-lightbox=\"yes\" data-elementor-lightbox-slideshow=\"3fbfd45\" data-elementor-lightbox-title=\"20220311_142713\" href='https:\/\/ffbruck-waasen.at\/wp-content\/uploads\/2022\/03\/20220311_142713.jpg'><img width=\"150\" height=\"150\" src=\"https:\/\/ffbruck-waasen.at\/wp-content\/uploads\/2022\/03\/20220311_142713-150x150.jpg\" class=\"attachment-thumbnail size-thumbnail\" alt=\"\" loading=\"lazy\" srcset=\"https:\/\/ffbruck-waasen.at\/wp-content\/uploads\/2022\/03\/20220311_142713-150x150.jpg 150w, https:\/\/ffbruck-waasen.at\/wp-content\/uploads\/2022\/03\/20220311_142713-400x400.jpg 400w, https:\/\/ffbruck-waasen.at\/wp-content\/uploads\/2022\/03\/20220311_142713-780x780.jpg 780w, https:\/\/ffbruck-waasen.at\/wp-content\/uploads\/2022\/03\/20220311_142713-1200x1200.jpg 1200w\" sizes=\"(max-width: 150px) 100vw, 150px\" \/><\/a>\n\t\t\t<\/div><\/figure><figure class='gallery-item'>\n\t\t\t<div class='gallery-icon landscape'>\n\t\t\t\t<a data-elementor-open-lightbox=\"yes\" data-elementor-lightbox-slideshow=\"3fbfd45\" data-elementor-lightbox-title=\"20220311_143152\" href='https:\/\/ffbruck-waasen.at\/wp-content\/uploads\/2022\/03\/20220311_143152-1.jpg'><img width=\"150\" height=\"150\" src=\"https:\/\/ffbruck-waasen.at\/wp-content\/uploads\/2022\/03\/20220311_143152-1-150x150.jpg\" class=\"attachment-thumbnail size-thumbnail\" alt=\"\" loading=\"lazy\" srcset=\"https:\/\/ffbruck-waasen.at\/wp-content\/uploads\/2022\/03\/20220311_143152-1-150x150.jpg 150w, https:\/\/ffbruck-waasen.at\/wp-content\/uploads\/2022\/03\/20220311_143152-1-400x400.jpg 400w, https:\/\/ffbruck-waasen.at\/wp-content\/uploads\/2022\/03\/20220311_143152-1-780x780.jpg 780w, https:\/\/ffbruck-waasen.at\/wp-content\/uploads\/2022\/03\/20220311_143152-1-1200x1200.jpg 1200w\" sizes=\"(max-width: 150px) 100vw, 150px\" \/><\/a>\n\t\t\t<\/div><\/figure><figure class='gallery-item'>\n\t\t\t<div class='gallery-icon landscape'>\n\t\t\t\t<a data-elementor-open-lightbox=\"yes\" data-elementor-lightbox-slideshow=\"3fbfd45\" data-elementor-lightbox-title=\"IMG-20220311-WA0006\" href='https:\/\/ffbruck-waasen.at\/wp-content\/uploads\/2022\/03\/IMG-20220311-WA0006.jpg'><img width=\"150\" height=\"150\" src=\"https:\/\/ffbruck-waasen.at\/wp-content\/uploads\/2022\/03\/IMG-20220311-WA0006-150x150.jpg\" class=\"attachment-thumbnail size-thumbnail\" alt=\"\" loading=\"lazy\" srcset=\"https:\/\/ffbruck-waasen.at\/wp-content\/uploads\/2022\/03\/IMG-20220311-WA0006-150x150.jpg 150w, https:\/\/ffbruck-waasen.at\/wp-content\/uploads\/2022\/03\/IMG-20220311-WA0006-400x400.jpg 400w, https:\/\/ffbruck-waasen.at\/wp-content\/uploads\/2022\/03\/IMG-20220311-WA0006-780x780.jpg 780w, https:\/\/ffbruck-waasen.at\/wp-content\/uploads\/2022\/03\/IMG-20220311-WA0006-1200x1200.jpg 1200w\" sizes=\"(max-width: 150px) 100vw, 150px\" \/><\/a>\n\t\t\t<\/div><\/figure><figure class='gallery-item'>\n\t\t\t<div class='gallery-icon portrait'>\n\t\t\t\t<a data-elementor-open-lightbox=\"yes\" data-elementor-lightbox-slideshow=\"3fbfd45\" data-elementor-lightbox-title=\"IMG-20220311-WA0010\" href='https:\/\/ffbruck-waasen.at\/wp-content\/uploads\/2022\/03\/IMG-20220311-WA0010.jpg'><img width=\"150\" height=\"150\" src=\"https:\/\/ffbruck-waasen.at\/wp-content\/uploads\/2022\/03\/IMG-20220311-WA0010-150x150.jpg\" class=\"attachment-thumbnail size-thumbnail\" alt=\"\" loading=\"lazy\" srcset=\"https:\/\/ffbruck-waasen.at\/wp-content\/uploads\/2022\/03\/IMG-20220311-WA0010-150x150.jpg 150w, https:\/\/ffbruck-waasen.at\/wp-content\/uploads\/2022\/03\/IMG-20220311-WA0010-400x400.jpg 400w, https:\/\/ffbruck-waasen.at\/wp-content\/uploads\/2022\/03\/IMG-20220311-WA0010-780x780.jpg 780w, https:\/\/ffbruck-waasen.at\/wp-content\/uploads\/2022\/03\/IMG-20220311-WA0010-1200x1200.jpg 1200w\" sizes=\"(max-width: 150px) 100vw, 150px\" \/><\/a>\n\t\t\t<\/div><\/figure><figure class='gallery-item'>\n\t\t\t<div class='gallery-icon portrait'>\n\t\t\t\t<a data-elementor-open-lightbox=\"yes\" data-elementor-lightbox-slideshow=\"3fbfd45\" data-elementor-lightbox-title=\"IMG-20220311-WA0011\" href='https:\/\/ffbruck-waasen.at\/wp-content\/uploads\/2022\/03\/IMG-20220311-WA0011.jpg'><img width=\"150\" height=\"150\" src=\"https:\/\/ffbruck-waasen.at\/wp-content\/uploads\/2022\/03\/IMG-20220311-WA0011-150x150.jpg\" class=\"attachment-thumbnail size-thumbnail\" alt=\"\" loading=\"lazy\" srcset=\"https:\/\/ffbruck-waasen.at\/wp-content\/uploads\/2022\/03\/IMG-20220311-WA0011-150x150.jpg 150w, https:\/\/ffbruck-waasen.at\/wp-content\/uploads\/2022\/03\/IMG-20220311-WA0011-400x400.jpg 400w, https:\/\/ffbruck-waasen.at\/wp-content\/uploads\/2022\/03\/IMG-20220311-WA0011-780x780.jpg 780w, https:\/\/ffbruck-waasen.at\/wp-content\/uploads\/2022\/03\/IMG-20220311-WA0011-1200x1200.jpg 1200w\" sizes=\"(max-width: 150px) 100vw, 150px\" \/><\/a>\n\t\t\t<\/div><\/figure>\n\t\t<\/div>\n\t\t<\/div>\n\t\t\t\t<\/div>\n\t\t\t\t<\/div>\n\t\t\t\t\t\t<\/div>\n\t\t\t\t\t<\/div>\n\t\t<\/div>\n\t\t\t\t\t\t\t\t<\/div>\n\t\t\t\t\t<\/div>\n\t\t<\/section>\n\t\t\t\t\t\t<\/div>\n\t\t\t\t\t\t<\/div>\n\t\t\t\t\t<\/div>\n\t\t","protected":false},"excerpt":{"rendered":"<p>Am Nachmittag des 11. M\u00e4rz wurde unsere Feuerwehr zu einem &#8220;Brand Gewerbe&#8221; nach Peuerbach alarmiert. Am Einsatzort hat die FF Peuerbach bereits mit den L\u00f6scharbeiten<\/p>\n","protected":false},"author":1,"featured_media":3438,"comment_status":"open","ping_status":"open","sticky":false,"template":"","format":"standard","meta":[],"categories":[151],"tags":[],"_links":{"self":[{"href":"https:\/\/ffbruck-waasen.at\/index.php\/wp-json\/wp\/v2\/posts\/3436"}],"collection":[{"href":"https:\/\/ffbruck-waasen.at\/index.php\/wp-json\/wp\/v2\/posts"}],"about":[{"href":"https:\/\/ffbruck-waasen.at\/index.php\/wp-json\/wp\/v2\/types\/post"}],"author":[{"embeddable":true,"href":"https:\/\/ffbruck-waasen.at\/index.php\/wp-json\/wp\/v2\/users\/1"}],"replies":[{"embeddable":true,"href":"https:\/\/ffbruck-waasen.at\/index.php\/wp-json\/wp\/v2\/comments?post=3436"}],"version-history":[{"count":4,"href":"https:\/\/ffbruck-waasen.at\/index.php\/wp-json\/wp\/v2\/posts\/3436\/revisions"}],"predecessor-version":[{"id":3446,"href":"https:\/\/ffbruck-waasen.at\/index.php\/wp-json\/wp\/v2\/posts\/3436\/revisions\/3446"}],"wp:featuredmedia":[{"embeddable":true,"href":"https:\/\/ffbruck-waasen.at\/index.php\/wp-json\/wp\/v2\/media\/3438"}],"wp:attachment":[{"href":"https:\/\/ffbruck-waasen.at\/index.php\/wp-json\/wp\/v2\/media?parent=3436"}],"wp:term":[{"taxonomy":"category","embeddable":true,"href":"https:\/\/ffbruck-waasen.at\/index.php\/wp-json\/wp\/v2\/categories?post=3436"},{"taxonomy":"post_tag","embeddable":true,"href":"https:\/\/ffbruck-waasen.at\/index.php\/wp-json\/wp\/v2\/tags?post=3436"}],"curies":[{"name":"wp","href":"https:\/\/api.w.org\/{rel}","templated":true}]}}