{"id":3449,"date":"2022-06-06T08:46:49","date_gmt":"2022-06-06T07:46:49","guid":{"rendered":"https:\/\/ffbruck-waasen.at\/?p=3449"},"modified":"2022-06-06T08:48:59","modified_gmt":"2022-06-06T07:48:59","slug":"olspur-bezirksstrase","status":"publish","type":"post","link":"https:\/\/ffbruck-waasen.at\/index.php\/2022\/06\/06\/olspur-bezirksstrase\/","title":{"rendered":"\u00d6lspur Bezirksstra\u00dfe"},"content":{"rendered":"\t\t<div data-elementor-type=\"wp-post\" data-elementor-id=\"3449\" class=\"elementor elementor-3449\" data-elementor-settings=\"[]\">\n\t\t\t\t\t\t<div class=\"elementor-inner\">\n\t\t\t\t\t\t\t<div class=\"elementor-section-wrap\">\n\t\t\t\t\t\t\t<section class=\"elementor-section elementor-top-section elementor-element elementor-element-43264e63 elementor-section-boxed elementor-section-height-default elementor-section-height-default\" data-id=\"43264e63\" data-element_type=\"section\">\n\t\t\t\t\t\t<div class=\"elementor-container elementor-column-gap-default\">\n\t\t\t\t\t\t\t<div class=\"elementor-row\">\n\t\t\t\t\t<div class=\"elementor-column elementor-col-100 elementor-top-column elementor-element elementor-element-6576bebe\" data-id=\"6576bebe\" data-element_type=\"column\">\n\t\t\t<div class=\"elementor-column-wrap elementor-element-populated\">\n\t\t\t\t\t\t\t<div class=\"elementor-widget-wrap\">\n\t\t\t\t\t\t<div class=\"elementor-element elementor-element-15b59bd5 elementor-widget elementor-widget-text-editor\" data-id=\"15b59bd5\" data-element_type=\"widget\" data-widget_type=\"text-editor.default\">\n\t\t\t\t<div class=\"elementor-widget-container\">\n\t\t\t\t\t<div class=\"elementor-text-editor elementor-clearfix\">Eine kilometerlange \u00d6lspur die ihren Ursprung in Steegen nahm, besch\u00e4ftigte Samstagmittag unsere Feuerwehr. Trotz Feuerwehrausflug r\u00fcckten 11 Mann zum Einsatz aus und banden die \u00d6lspur, die sich bis Stefansdorf zog. Nach gut zwei Stunden konnte der schwei\u00dftreibende Einsatz beendet werden.\n\n&nbsp;<\/div>\n\t\t\t\t<\/div>\n\t\t\t\t<\/div>\n\t\t\t\t\t\t<\/div>\n\t\t\t\t\t<\/div>\n\t\t<\/div>\n\t\t\t\t\t\t\t\t<\/div>\n\t\t\t\t\t<\/div>\n\t\t<\/section>\n\t\t\t\t<section class=\"elementor-section elementor-top-section elementor-element elementor-element-0cfbb2c elementor-section-boxed elementor-section-height-default elementor-section-height-default\" data-id=\"0cfbb2c\" data-element_type=\"section\">\n\t\t\t\t\t\t<div class=\"elementor-container elementor-column-gap-default\">\n\t\t\t\t\t\t\t<div class=\"elementor-row\">\n\t\t\t\t\t<div class=\"elementor-column elementor-col-100 elementor-top-column elementor-element elementor-element-13d8d02\" data-id=\"13d8d02\" data-element_type=\"column\">\n\t\t\t<div class=\"elementor-column-wrap elementor-element-populated\">\n\t\t\t\t\t\t\t<div class=\"elementor-widget-wrap\">\n\t\t\t\t\t\t<div class=\"elementor-element elementor-element-39578a4 elementor-widget elementor-widget-image-gallery\" data-id=\"39578a4\" data-element_type=\"widget\" data-widget_type=\"image-gallery.default\">\n\t\t\t\t<div class=\"elementor-widget-container\">\n\t\t\t\t\t<div class=\"elementor-image-gallery\">\n\t\t\t<div id='gallery-1' class='gallery galleryid-3449 gallery-columns-3 gallery-size-thumbnail'><figure class='gallery-item'>\n\t\t\t<div class='gallery-icon landscape'>\n\t\t\t\t<a data-elementor-open-lightbox=\"yes\" data-elementor-lightbox-slideshow=\"39578a4\" data-elementor-lightbox-title=\"20220604_115429\" href='https:\/\/ffbruck-waasen.at\/wp-content\/uploads\/2022\/06\/20220604_115429.jpg'><img width=\"150\" height=\"150\" src=\"https:\/\/ffbruck-waasen.at\/wp-content\/uploads\/2022\/06\/20220604_115429-150x150.jpg\" class=\"attachment-thumbnail size-thumbnail\" alt=\"\" loading=\"lazy\" srcset=\"https:\/\/ffbruck-waasen.at\/wp-content\/uploads\/2022\/06\/20220604_115429-150x150.jpg 150w, https:\/\/ffbruck-waasen.at\/wp-content\/uploads\/2022\/06\/20220604_115429-400x400.jpg 400w, https:\/\/ffbruck-waasen.at\/wp-content\/uploads\/2022\/06\/20220604_115429-780x780.jpg 780w, https:\/\/ffbruck-waasen.at\/wp-content\/uploads\/2022\/06\/20220604_115429-1200x1200.jpg 1200w\" sizes=\"(max-width: 150px) 100vw, 150px\" \/><\/a>\n\t\t\t<\/div><\/figure><figure class='gallery-item'>\n\t\t\t<div class='gallery-icon landscape'>\n\t\t\t\t<a data-elementor-open-lightbox=\"yes\" data-elementor-lightbox-slideshow=\"39578a4\" data-elementor-lightbox-title=\"20220604_122942\" href='https:\/\/ffbruck-waasen.at\/wp-content\/uploads\/2022\/06\/20220604_122942.jpg'><img width=\"150\" height=\"150\" src=\"https:\/\/ffbruck-waasen.at\/wp-content\/uploads\/2022\/06\/20220604_122942-150x150.jpg\" class=\"attachment-thumbnail size-thumbnail\" alt=\"\" loading=\"lazy\" srcset=\"https:\/\/ffbruck-waasen.at\/wp-content\/uploads\/2022\/06\/20220604_122942-150x150.jpg 150w, https:\/\/ffbruck-waasen.at\/wp-content\/uploads\/2022\/06\/20220604_122942-400x400.jpg 400w, https:\/\/ffbruck-waasen.at\/wp-content\/uploads\/2022\/06\/20220604_122942-780x780.jpg 780w, https:\/\/ffbruck-waasen.at\/wp-content\/uploads\/2022\/06\/20220604_122942-1200x1200.jpg 1200w\" sizes=\"(max-width: 150px) 100vw, 150px\" \/><\/a>\n\t\t\t<\/div><\/figure><figure class='gallery-item'>\n\t\t\t<div class='gallery-icon landscape'>\n\t\t\t\t<a data-elementor-open-lightbox=\"yes\" data-elementor-lightbox-slideshow=\"39578a4\" data-elementor-lightbox-title=\"20220604_124525\" href='https:\/\/ffbruck-waasen.at\/wp-content\/uploads\/2022\/06\/20220604_124525.jpg'><img width=\"150\" height=\"150\" src=\"https:\/\/ffbruck-waasen.at\/wp-content\/uploads\/2022\/06\/20220604_124525-150x150.jpg\" class=\"attachment-thumbnail size-thumbnail\" alt=\"\" loading=\"lazy\" srcset=\"https:\/\/ffbruck-waasen.at\/wp-content\/uploads\/2022\/06\/20220604_124525-150x150.jpg 150w, https:\/\/ffbruck-waasen.at\/wp-content\/uploads\/2022\/06\/20220604_124525-400x400.jpg 400w, https:\/\/ffbruck-waasen.at\/wp-content\/uploads\/2022\/06\/20220604_124525-780x780.jpg 780w, https:\/\/ffbruck-waasen.at\/wp-content\/uploads\/2022\/06\/20220604_124525-1200x1200.jpg 1200w\" sizes=\"(max-width: 150px) 100vw, 150px\" \/><\/a>\n\t\t\t<\/div><\/figure>\n\t\t<\/div>\n\t\t<\/div>\n\t\t\t\t<\/div>\n\t\t\t\t<\/div>\n\t\t\t\t\t\t<\/div>\n\t\t\t\t\t<\/div>\n\t\t<\/div>\n\t\t\t\t\t\t\t\t<\/div>\n\t\t\t\t\t<\/div>\n\t\t<\/section>\n\t\t\t\t\t\t<\/div>\n\t\t\t\t\t\t<\/div>\n\t\t\t\t\t<\/div>\n\t\t","protected":false},"excerpt":{"rendered":"<p>Eine kilometerlange \u00d6lspur die ihren Ursprung in Steegen nahm, besch\u00e4ftigte Samstagmittag unsere Feuerwehr. Trotz Feuerwehrausflug r\u00fcckten 11 Mann zum Einsatz aus und banden die \u00d6lspur,<\/p>\n","protected":false},"author":1,"featured_media":3450,"comment_status":"open","ping_status":"open","sticky":false,"template":"","format":"standard","meta":[],"categories":[151],"tags":[],"_links":{"self":[{"href":"https:\/\/ffbruck-waasen.at\/index.php\/wp-json\/wp\/v2\/posts\/3449"}],"collection":[{"href":"https:\/\/ffbruck-waasen.at\/index.php\/wp-json\/wp\/v2\/posts"}],"about":[{"href":"https:\/\/ffbruck-waasen.at\/index.php\/wp-json\/wp\/v2\/types\/post"}],"author":[{"embeddable":true,"href":"https:\/\/ffbruck-waasen.at\/index.php\/wp-json\/wp\/v2\/users\/1"}],"replies":[{"embeddable":true,"href":"https:\/\/ffbruck-waasen.at\/index.php\/wp-json\/wp\/v2\/comments?post=3449"}],"version-history":[{"count":4,"href":"https:\/\/ffbruck-waasen.at\/index.php\/wp-json\/wp\/v2\/posts\/3449\/revisions"}],"predecessor-version":[{"id":3458,"href":"https:\/\/ffbruck-waasen.at\/index.php\/wp-json\/wp\/v2\/posts\/3449\/revisions\/3458"}],"wp:featuredmedia":[{"embeddable":true,"href":"https:\/\/ffbruck-waasen.at\/index.php\/wp-json\/wp\/v2\/media\/3450"}],"wp:attachment":[{"href":"https:\/\/ffbruck-waasen.at\/index.php\/wp-json\/wp\/v2\/media?parent=3449"}],"wp:term":[{"taxonomy":"category","embeddable":true,"href":"https:\/\/ffbruck-waasen.at\/index.php\/wp-json\/wp\/v2\/categories?post=3449"},{"taxonomy":"post_tag","embeddable":true,"href":"https:\/\/ffbruck-waasen.at\/index.php\/wp-json\/wp\/v2\/tags?post=3449"}],"curies":[{"name":"wp","href":"https:\/\/api.w.org\/{rel}","templated":true}]}}