{"id":3557,"date":"2022-09-10T07:11:56","date_gmt":"2022-09-10T06:11:56","guid":{"rendered":"https:\/\/ffbruck-waasen.at\/?p=3557"},"modified":"2022-09-10T07:25:04","modified_gmt":"2022-09-10T06:25:04","slug":"monatsubung-drehleiter","status":"publish","type":"post","link":"https:\/\/ffbruck-waasen.at\/index.php\/2022\/09\/10\/monatsubung-drehleiter\/","title":{"rendered":"Monats\u00fcbung Drehleiter"},"content":{"rendered":"\t\t<div data-elementor-type=\"wp-post\" data-elementor-id=\"3557\" class=\"elementor elementor-3557\" data-elementor-settings=\"[]\">\n\t\t\t\t\t\t<div class=\"elementor-inner\">\n\t\t\t\t\t\t\t<div class=\"elementor-section-wrap\">\n\t\t\t\t\t\t\t<section class=\"elementor-section elementor-top-section elementor-element elementor-element-68c9788c elementor-section-boxed elementor-section-height-default elementor-section-height-default\" data-id=\"68c9788c\" data-element_type=\"section\">\n\t\t\t\t\t\t<div class=\"elementor-container elementor-column-gap-default\">\n\t\t\t\t\t\t\t<div class=\"elementor-row\">\n\t\t\t\t\t<div class=\"elementor-column elementor-col-100 elementor-top-column elementor-element elementor-element-2d46b1de\" data-id=\"2d46b1de\" data-element_type=\"column\">\n\t\t\t<div class=\"elementor-column-wrap elementor-element-populated\">\n\t\t\t\t\t\t\t<div class=\"elementor-widget-wrap\">\n\t\t\t\t\t\t<div class=\"elementor-element elementor-element-4fcc1d0e elementor-widget elementor-widget-text-editor\" data-id=\"4fcc1d0e\" data-element_type=\"widget\" data-widget_type=\"text-editor.default\">\n\t\t\t\t<div class=\"elementor-widget-container\">\n\t\t\t\t\t<div class=\"elementor-text-editor elementor-clearfix\"><p>Bei der Monats\u00fcbung im September ging es f\u00fcr die Kameraden hoch hinaus. Da die neue Drehleiter in Peuerbach vor kurzem in den Dienst gestellt wurde, gab es eine Einschulung auf dem neuen Fahrzeug.<\/p>\n<p>Die Kameraden aus Peuerbach zeigten uns die verschiedenen M\u00f6glichkeiten auf, f\u00fcr die man die Drehleiter verwenden kann. In unserem Pflichtbereich ist das Versorgen der Drehleiter mit Wasser mittels Tankl\u00f6schfahrzeug eine essenzielle Aufgabe. Dieses Szenario wurde dann mit unseren Fahrzeugen ge\u00fcbt. Dabei kam auch unsere neue Tragkraftspritze zum Einsatz, mit der das Wasser aus der Aschach gepumpt wurde.<\/p>\n<p>Nat\u00fcrlich durften wir mit der Drehleiter auch einen Blick von oben genie\u00dfen. Die Drehleiter erreicht mit senkrecht aufgestellter Leiter eine H\u00f6he von circa 32m.<br>Vielen Dank an die FF Peuerbach f\u00fcr die Vorf\u00fchrung der Leiter und alles Gute f\u00fcr die kommenden Eins\u00e4tze!<\/p><\/div>\n\t\t\t\t<\/div>\n\t\t\t\t<\/div>\n\t\t\t\t\t\t<\/div>\n\t\t\t\t\t<\/div>\n\t\t<\/div>\n\t\t\t\t\t\t\t\t<\/div>\n\t\t\t\t\t<\/div>\n\t\t<\/section>\n\t\t\t\t<section class=\"elementor-section elementor-top-section elementor-element elementor-element-3c0ee0c elementor-section-boxed elementor-section-height-default elementor-section-height-default\" data-id=\"3c0ee0c\" data-element_type=\"section\">\n\t\t\t\t\t\t<div class=\"elementor-container elementor-column-gap-default\">\n\t\t\t\t\t\t\t<div class=\"elementor-row\">\n\t\t\t\t\t<div class=\"elementor-column elementor-col-100 elementor-top-column elementor-element elementor-element-dbf9fab\" data-id=\"dbf9fab\" data-element_type=\"column\">\n\t\t\t<div class=\"elementor-column-wrap elementor-element-populated\">\n\t\t\t\t\t\t\t<div class=\"elementor-widget-wrap\">\n\t\t\t\t\t\t<div class=\"elementor-element elementor-element-e3a5600 gallery-spacing-custom elementor-widget elementor-widget-image-gallery\" data-id=\"e3a5600\" data-element_type=\"widget\" data-widget_type=\"image-gallery.default\">\n\t\t\t\t<div class=\"elementor-widget-container\">\n\t\t\t\t\t<div class=\"elementor-image-gallery\">\n\t\t\t<div id='gallery-1' class='gallery galleryid-3557 gallery-columns-4 gallery-size-thumbnail'><figure class='gallery-item'>\n\t\t\t<div class='gallery-icon landscape'>\n\t\t\t\t<a data-elementor-open-lightbox=\"yes\" data-elementor-lightbox-slideshow=\"e3a5600\" data-elementor-lightbox-title=\"20220906_191842\" href='https:\/\/ffbruck-waasen.at\/wp-content\/uploads\/2022\/09\/20220906_191842-1.jpg'><img width=\"150\" height=\"150\" src=\"https:\/\/ffbruck-waasen.at\/wp-content\/uploads\/2022\/09\/20220906_191842-1-150x150.jpg\" class=\"attachment-thumbnail size-thumbnail\" alt=\"\" loading=\"lazy\" srcset=\"https:\/\/ffbruck-waasen.at\/wp-content\/uploads\/2022\/09\/20220906_191842-1-150x150.jpg 150w, https:\/\/ffbruck-waasen.at\/wp-content\/uploads\/2022\/09\/20220906_191842-1-400x400.jpg 400w, https:\/\/ffbruck-waasen.at\/wp-content\/uploads\/2022\/09\/20220906_191842-1-780x780.jpg 780w, https:\/\/ffbruck-waasen.at\/wp-content\/uploads\/2022\/09\/20220906_191842-1-1200x1200.jpg 1200w\" sizes=\"(max-width: 150px) 100vw, 150px\" \/><\/a>\n\t\t\t<\/div><\/figure><figure class='gallery-item'>\n\t\t\t<div class='gallery-icon landscape'>\n\t\t\t\t<a data-elementor-open-lightbox=\"yes\" data-elementor-lightbox-slideshow=\"e3a5600\" data-elementor-lightbox-title=\"20220906_191848\" href='https:\/\/ffbruck-waasen.at\/wp-content\/uploads\/2022\/09\/20220906_191848.jpg'><img width=\"150\" height=\"150\" src=\"https:\/\/ffbruck-waasen.at\/wp-content\/uploads\/2022\/09\/20220906_191848-150x150.jpg\" class=\"attachment-thumbnail size-thumbnail\" alt=\"\" loading=\"lazy\" srcset=\"https:\/\/ffbruck-waasen.at\/wp-content\/uploads\/2022\/09\/20220906_191848-150x150.jpg 150w, https:\/\/ffbruck-waasen.at\/wp-content\/uploads\/2022\/09\/20220906_191848-400x400.jpg 400w, https:\/\/ffbruck-waasen.at\/wp-content\/uploads\/2022\/09\/20220906_191848-780x780.jpg 780w, https:\/\/ffbruck-waasen.at\/wp-content\/uploads\/2022\/09\/20220906_191848-1200x1200.jpg 1200w\" sizes=\"(max-width: 150px) 100vw, 150px\" \/><\/a>\n\t\t\t<\/div><\/figure><figure class='gallery-item'>\n\t\t\t<div class='gallery-icon landscape'>\n\t\t\t\t<a data-elementor-open-lightbox=\"yes\" data-elementor-lightbox-slideshow=\"e3a5600\" data-elementor-lightbox-title=\"20220906_201536\" data-elementor-lightbox-description=\"\u00dcbung Drehleiter FF Peuerbach\" href='https:\/\/ffbruck-waasen.at\/wp-content\/uploads\/2022\/09\/20220906_201536.jpg'><img width=\"150\" height=\"150\" src=\"https:\/\/ffbruck-waasen.at\/wp-content\/uploads\/2022\/09\/20220906_201536-150x150.jpg\" class=\"attachment-thumbnail size-thumbnail\" alt=\"Drehleiter FF Peuerbach\" loading=\"lazy\" srcset=\"https:\/\/ffbruck-waasen.at\/wp-content\/uploads\/2022\/09\/20220906_201536-150x150.jpg 150w, https:\/\/ffbruck-waasen.at\/wp-content\/uploads\/2022\/09\/20220906_201536-400x400.jpg 400w, https:\/\/ffbruck-waasen.at\/wp-content\/uploads\/2022\/09\/20220906_201536-780x780.jpg 780w, https:\/\/ffbruck-waasen.at\/wp-content\/uploads\/2022\/09\/20220906_201536-1200x1200.jpg 1200w\" sizes=\"(max-width: 150px) 100vw, 150px\" \/><\/a>\n\t\t\t<\/div><\/figure><figure class='gallery-item'>\n\t\t\t<div class='gallery-icon landscape'>\n\t\t\t\t<a data-elementor-open-lightbox=\"yes\" data-elementor-lightbox-slideshow=\"e3a5600\" data-elementor-lightbox-title=\"IMG-20220906-WA0007\" data-elementor-lightbox-description=\"\u00dcbung Drehleiter FF Peuerbach\" href='https:\/\/ffbruck-waasen.at\/wp-content\/uploads\/2022\/09\/IMG-20220906-WA0007.jpg'><img width=\"150\" height=\"150\" src=\"https:\/\/ffbruck-waasen.at\/wp-content\/uploads\/2022\/09\/IMG-20220906-WA0007-150x150.jpg\" class=\"attachment-thumbnail size-thumbnail\" alt=\"\" loading=\"lazy\" srcset=\"https:\/\/ffbruck-waasen.at\/wp-content\/uploads\/2022\/09\/IMG-20220906-WA0007-150x150.jpg 150w, https:\/\/ffbruck-waasen.at\/wp-content\/uploads\/2022\/09\/IMG-20220906-WA0007-400x400.jpg 400w, https:\/\/ffbruck-waasen.at\/wp-content\/uploads\/2022\/09\/IMG-20220906-WA0007-780x780.jpg 780w\" sizes=\"(max-width: 150px) 100vw, 150px\" \/><\/a>\n\t\t\t<\/div><\/figure><figure class='gallery-item'>\n\t\t\t<div class='gallery-icon landscape'>\n\t\t\t\t<a data-elementor-open-lightbox=\"yes\" data-elementor-lightbox-slideshow=\"e3a5600\" data-elementor-lightbox-title=\"IMG-20220906-WA0010\" data-elementor-lightbox-description=\"\u00dcbung Drehleiter FF Peuerbach\" href='https:\/\/ffbruck-waasen.at\/wp-content\/uploads\/2022\/09\/IMG-20220906-WA0010.jpg'><img width=\"150\" height=\"150\" src=\"https:\/\/ffbruck-waasen.at\/wp-content\/uploads\/2022\/09\/IMG-20220906-WA0010-150x150.jpg\" class=\"attachment-thumbnail size-thumbnail\" alt=\"\" loading=\"lazy\" srcset=\"https:\/\/ffbruck-waasen.at\/wp-content\/uploads\/2022\/09\/IMG-20220906-WA0010-150x150.jpg 150w, https:\/\/ffbruck-waasen.at\/wp-content\/uploads\/2022\/09\/IMG-20220906-WA0010-400x400.jpg 400w, https:\/\/ffbruck-waasen.at\/wp-content\/uploads\/2022\/09\/IMG-20220906-WA0010-780x780.jpg 780w\" sizes=\"(max-width: 150px) 100vw, 150px\" \/><\/a>\n\t\t\t<\/div><\/figure><figure class='gallery-item'>\n\t\t\t<div class='gallery-icon landscape'>\n\t\t\t\t<a data-elementor-open-lightbox=\"yes\" data-elementor-lightbox-slideshow=\"e3a5600\" data-elementor-lightbox-title=\"IMG-20220906-WA0012\" data-elementor-lightbox-description=\"\u00dcbung Drehleiter FF Peuerbach\" href='https:\/\/ffbruck-waasen.at\/wp-content\/uploads\/2022\/09\/IMG-20220906-WA0012.jpg'><img width=\"150\" height=\"150\" src=\"https:\/\/ffbruck-waasen.at\/wp-content\/uploads\/2022\/09\/IMG-20220906-WA0012-150x150.jpg\" class=\"attachment-thumbnail size-thumbnail\" alt=\"\" loading=\"lazy\" srcset=\"https:\/\/ffbruck-waasen.at\/wp-content\/uploads\/2022\/09\/IMG-20220906-WA0012-150x150.jpg 150w, https:\/\/ffbruck-waasen.at\/wp-content\/uploads\/2022\/09\/IMG-20220906-WA0012-400x400.jpg 400w, https:\/\/ffbruck-waasen.at\/wp-content\/uploads\/2022\/09\/IMG-20220906-WA0012-780x780.jpg 780w\" sizes=\"(max-width: 150px) 100vw, 150px\" \/><\/a>\n\t\t\t<\/div><\/figure><figure class='gallery-item'>\n\t\t\t<div class='gallery-icon landscape'>\n\t\t\t\t<a data-elementor-open-lightbox=\"yes\" data-elementor-lightbox-slideshow=\"e3a5600\" data-elementor-lightbox-title=\"IMG-20220906-WA0014\" data-elementor-lightbox-description=\"\u00dcbung Drehleiter FF Peuerbach\" href='https:\/\/ffbruck-waasen.at\/wp-content\/uploads\/2022\/09\/IMG-20220906-WA0014.jpg'><img width=\"150\" height=\"150\" src=\"https:\/\/ffbruck-waasen.at\/wp-content\/uploads\/2022\/09\/IMG-20220906-WA0014-150x150.jpg\" class=\"attachment-thumbnail size-thumbnail\" alt=\"\" loading=\"lazy\" srcset=\"https:\/\/ffbruck-waasen.at\/wp-content\/uploads\/2022\/09\/IMG-20220906-WA0014-150x150.jpg 150w, https:\/\/ffbruck-waasen.at\/wp-content\/uploads\/2022\/09\/IMG-20220906-WA0014-400x400.jpg 400w, https:\/\/ffbruck-waasen.at\/wp-content\/uploads\/2022\/09\/IMG-20220906-WA0014-780x780.jpg 780w\" sizes=\"(max-width: 150px) 100vw, 150px\" \/><\/a>\n\t\t\t<\/div><\/figure><figure class='gallery-item'>\n\t\t\t<div class='gallery-icon landscape'>\n\t\t\t\t<a data-elementor-open-lightbox=\"yes\" data-elementor-lightbox-slideshow=\"e3a5600\" data-elementor-lightbox-title=\"IMG-20220906-WA0015\" data-elementor-lightbox-description=\"\u00dcbung Drehleiter FF Peuerbach\" href='https:\/\/ffbruck-waasen.at\/wp-content\/uploads\/2022\/09\/IMG-20220906-WA0015.jpg'><img width=\"150\" height=\"150\" src=\"https:\/\/ffbruck-waasen.at\/wp-content\/uploads\/2022\/09\/IMG-20220906-WA0015-150x150.jpg\" class=\"attachment-thumbnail size-thumbnail\" alt=\"\" loading=\"lazy\" srcset=\"https:\/\/ffbruck-waasen.at\/wp-content\/uploads\/2022\/09\/IMG-20220906-WA0015-150x150.jpg 150w, https:\/\/ffbruck-waasen.at\/wp-content\/uploads\/2022\/09\/IMG-20220906-WA0015-400x400.jpg 400w, https:\/\/ffbruck-waasen.at\/wp-content\/uploads\/2022\/09\/IMG-20220906-WA0015-780x780.jpg 780w\" sizes=\"(max-width: 150px) 100vw, 150px\" \/><\/a>\n\t\t\t<\/div><\/figure><figure class='gallery-item'>\n\t\t\t<div class='gallery-icon landscape'>\n\t\t\t\t<a data-elementor-open-lightbox=\"yes\" data-elementor-lightbox-slideshow=\"e3a5600\" data-elementor-lightbox-title=\"IMG-20220906-WA0018\" data-elementor-lightbox-description=\"\u00dcbung Drehleiter FF Peuerbach\" href='https:\/\/ffbruck-waasen.at\/wp-content\/uploads\/2022\/09\/IMG-20220906-WA0018.jpg'><img width=\"150\" height=\"150\" src=\"https:\/\/ffbruck-waasen.at\/wp-content\/uploads\/2022\/09\/IMG-20220906-WA0018-150x150.jpg\" class=\"attachment-thumbnail size-thumbnail\" alt=\"\" loading=\"lazy\" srcset=\"https:\/\/ffbruck-waasen.at\/wp-content\/uploads\/2022\/09\/IMG-20220906-WA0018-150x150.jpg 150w, https:\/\/ffbruck-waasen.at\/wp-content\/uploads\/2022\/09\/IMG-20220906-WA0018-400x400.jpg 400w, https:\/\/ffbruck-waasen.at\/wp-content\/uploads\/2022\/09\/IMG-20220906-WA0018-780x780.jpg 780w\" sizes=\"(max-width: 150px) 100vw, 150px\" \/><\/a>\n\t\t\t<\/div><\/figure><figure class='gallery-item'>\n\t\t\t<div class='gallery-icon landscape'>\n\t\t\t\t<a data-elementor-open-lightbox=\"yes\" data-elementor-lightbox-slideshow=\"e3a5600\" data-elementor-lightbox-title=\"IMG-20220906-WA0021\" data-elementor-lightbox-description=\"\u00dcbung Drehleiter FF Peuerbach\" href='https:\/\/ffbruck-waasen.at\/wp-content\/uploads\/2022\/09\/IMG-20220906-WA0021.jpg'><img width=\"150\" height=\"150\" src=\"https:\/\/ffbruck-waasen.at\/wp-content\/uploads\/2022\/09\/IMG-20220906-WA0021-150x150.jpg\" class=\"attachment-thumbnail size-thumbnail\" alt=\"\" loading=\"lazy\" srcset=\"https:\/\/ffbruck-waasen.at\/wp-content\/uploads\/2022\/09\/IMG-20220906-WA0021-150x150.jpg 150w, https:\/\/ffbruck-waasen.at\/wp-content\/uploads\/2022\/09\/IMG-20220906-WA0021-400x400.jpg 400w, https:\/\/ffbruck-waasen.at\/wp-content\/uploads\/2022\/09\/IMG-20220906-WA0021-780x780.jpg 780w\" sizes=\"(max-width: 150px) 100vw, 150px\" \/><\/a>\n\t\t\t<\/div><\/figure>\n\t\t<\/div>\n\t\t<\/div>\n\t\t\t\t<\/div>\n\t\t\t\t<\/div>\n\t\t\t\t\t\t<\/div>\n\t\t\t\t\t<\/div>\n\t\t<\/div>\n\t\t\t\t\t\t\t\t<\/div>\n\t\t\t\t\t<\/div>\n\t\t<\/section>\n\t\t\t\t\t\t<\/div>\n\t\t\t\t\t\t<\/div>\n\t\t\t\t\t<\/div>\n\t\t","protected":false},"excerpt":{"rendered":"<p>Bei der Monats\u00fcbung im September ging es f\u00fcr die Kameraden hoch hinaus. Da die neue Drehleiter in Peuerbach vor kurzem in den Dienst gestellt wurde,<\/p>\n","protected":false},"author":1,"featured_media":3558,"comment_status":"open","ping_status":"open","sticky":false,"template":"","format":"standard","meta":[],"categories":[152],"tags":[],"_links":{"self":[{"href":"https:\/\/ffbruck-waasen.at\/index.php\/wp-json\/wp\/v2\/posts\/3557"}],"collection":[{"href":"https:\/\/ffbruck-waasen.at\/index.php\/wp-json\/wp\/v2\/posts"}],"about":[{"href":"https:\/\/ffbruck-waasen.at\/index.php\/wp-json\/wp\/v2\/types\/post"}],"author":[{"embeddable":true,"href":"https:\/\/ffbruck-waasen.at\/index.php\/wp-json\/wp\/v2\/users\/1"}],"replies":[{"embeddable":true,"href":"https:\/\/ffbruck-waasen.at\/index.php\/wp-json\/wp\/v2\/comments?post=3557"}],"version-history":[{"count":10,"href":"https:\/\/ffbruck-waasen.at\/index.php\/wp-json\/wp\/v2\/posts\/3557\/revisions"}],"predecessor-version":[{"id":3579,"href":"https:\/\/ffbruck-waasen.at\/index.php\/wp-json\/wp\/v2\/posts\/3557\/revisions\/3579"}],"wp:featuredmedia":[{"embeddable":true,"href":"https:\/\/ffbruck-waasen.at\/index.php\/wp-json\/wp\/v2\/media\/3558"}],"wp:attachment":[{"href":"https:\/\/ffbruck-waasen.at\/index.php\/wp-json\/wp\/v2\/media?parent=3557"}],"wp:term":[{"taxonomy":"category","embeddable":true,"href":"https:\/\/ffbruck-waasen.at\/index.php\/wp-json\/wp\/v2\/categories?post=3557"},{"taxonomy":"post_tag","embeddable":true,"href":"https:\/\/ffbruck-waasen.at\/index.php\/wp-json\/wp\/v2\/tags?post=3557"}],"curies":[{"name":"wp","href":"https:\/\/api.w.org\/{rel}","templated":true}]}}