{"id":3659,"date":"2023-01-11T19:08:50","date_gmt":"2023-01-11T18:08:50","guid":{"rendered":"https:\/\/ffbruck-waasen.at\/?p=3659"},"modified":"2023-01-11T19:14:03","modified_gmt":"2023-01-11T18:14:03","slug":"vollversammlung-und-wahlen-der-ff-bruck-waasen","status":"publish","type":"post","link":"https:\/\/ffbruck-waasen.at\/index.php\/2023\/01\/11\/vollversammlung-und-wahlen-der-ff-bruck-waasen\/","title":{"rendered":"Vollversammlung und Wahlen der FF Bruck-Waasen"},"content":{"rendered":"\t\t<div data-elementor-type=\"wp-post\" data-elementor-id=\"3659\" class=\"elementor elementor-3659\" data-elementor-settings=\"[]\">\n\t\t\t\t\t\t<div class=\"elementor-inner\">\n\t\t\t\t\t\t\t<div class=\"elementor-section-wrap\">\n\t\t\t\t\t\t\t<section class=\"elementor-section elementor-top-section elementor-element elementor-element-64e2c1d9 elementor-section-boxed elementor-section-height-default elementor-section-height-default\" data-id=\"64e2c1d9\" data-element_type=\"section\">\n\t\t\t\t\t\t<div class=\"elementor-container elementor-column-gap-default\">\n\t\t\t\t\t\t\t<div class=\"elementor-row\">\n\t\t\t\t\t<div class=\"elementor-column elementor-col-100 elementor-top-column elementor-element elementor-element-185e3307\" data-id=\"185e3307\" data-element_type=\"column\">\n\t\t\t<div class=\"elementor-column-wrap elementor-element-populated\">\n\t\t\t\t\t\t\t<div class=\"elementor-widget-wrap\">\n\t\t\t\t\t\t<div class=\"elementor-element elementor-element-ffbaa0a elementor-widget elementor-widget-text-editor\" data-id=\"ffbaa0a\" data-element_type=\"widget\" data-widget_type=\"text-editor.default\">\n\t\t\t\t<div class=\"elementor-widget-container\">\n\t\t\t\t\t<div class=\"elementor-text-editor elementor-clearfix\"><p>Die Freiwillige Feuerwehr Bruck-Waasen hat in ihrer j\u00fcngsten Vollversammlung einen R\u00fcckblick auf die Eins\u00e4tze und T\u00e4tigkeiten des vergangenen Jahres gehalten. Dabei konnten die Mitglieder auf eine erfolgreiche Arbeitsleistung mit \u00fcber 12.000 Stunden zur\u00fcckblicken.<\/p><p>Auch die Neuwahl des Kommandos stand auf der Tagesordnung. Nach f\u00fcnf erfolgreichen Jahren im Amt wurde das Kommando einstimmig wiedergew\u00e4hlt. Lediglich der Kassier wurde neu besetzt. Mit Patrick Baldinger r\u00fcckt ein junger und engagierter Feuerwehrmann in das Kommando. Auch er wurde von den 62 anwesenden Feuerwehrmitgliedern einstimmig gew\u00e4hlt.<\/p><\/div>\n\t\t\t\t<\/div>\n\t\t\t\t<\/div>\n\t\t\t\t\t\t<\/div>\n\t\t\t\t\t<\/div>\n\t\t<\/div>\n\t\t\t\t\t\t\t\t<\/div>\n\t\t\t\t\t<\/div>\n\t\t<\/section>\n\t\t\t\t<section class=\"elementor-section elementor-top-section elementor-element elementor-element-bc941c1 elementor-section-boxed elementor-section-height-default elementor-section-height-default\" data-id=\"bc941c1\" data-element_type=\"section\">\n\t\t\t\t\t\t<div class=\"elementor-container elementor-column-gap-default\">\n\t\t\t\t\t\t\t<div class=\"elementor-row\">\n\t\t\t\t\t<div class=\"elementor-column elementor-col-100 elementor-top-column elementor-element elementor-element-c632341\" data-id=\"c632341\" data-element_type=\"column\">\n\t\t\t<div class=\"elementor-column-wrap elementor-element-populated\">\n\t\t\t\t\t\t\t<div class=\"elementor-widget-wrap\">\n\t\t\t\t\t\t<div class=\"elementor-element elementor-element-a59e1db elementor-widget elementor-widget-image\" data-id=\"a59e1db\" data-element_type=\"widget\" data-widget_type=\"image.default\">\n\t\t\t\t<div class=\"elementor-widget-container\">\n\t\t\t\t\t<div class=\"elementor-image\">\n\t\t\t\t\t\t\t<figure class=\"wp-caption\">\n\t\t\t\t\t\t\t\t\t\t<img width=\"1024\" height=\"576\" src=\"https:\/\/ffbruck-waasen.at\/wp-content\/uploads\/2023\/01\/20230106_222017-1024x576.jpg\" class=\"attachment-large size-large\" alt=\"\" loading=\"lazy\" srcset=\"https:\/\/ffbruck-waasen.at\/wp-content\/uploads\/2023\/01\/20230106_222017-1024x576.jpg 1024w, https:\/\/ffbruck-waasen.at\/wp-content\/uploads\/2023\/01\/20230106_222017-300x169.jpg 300w, https:\/\/ffbruck-waasen.at\/wp-content\/uploads\/2023\/01\/20230106_222017-768x432.jpg 768w, https:\/\/ffbruck-waasen.at\/wp-content\/uploads\/2023\/01\/20230106_222017-1536x864.jpg 1536w, https:\/\/ffbruck-waasen.at\/wp-content\/uploads\/2023\/01\/20230106_222017-2048x1152.jpg 2048w\" sizes=\"(max-width: 1024px) 100vw, 1024px\" \/>\t\t\t\t\t\t\t\t\t\t\t<figcaption class=\"widget-image-caption wp-caption-text\"><\/figcaption>\n\t\t\t\t\t\t\t\t\t\t<\/figure>\n\t\t\t\t\t<\/div>\n\t\t\t\t<\/div>\n\t\t\t\t<\/div>\n\t\t\t\t<div class=\"elementor-element elementor-element-94e35d7 elementor-widget elementor-widget-text-editor\" data-id=\"94e35d7\" data-element_type=\"widget\" data-widget_type=\"text-editor.default\">\n\t\t\t\t<div class=\"elementor-widget-container\">\n\t\t\t\t\t<div class=\"elementor-text-editor elementor-clearfix\"><p>v.l.n.r.: Lukas Renoldner, Peter Sattlberger, Roland Schauer, Manfred Rupertsberger, Patrick Baldinger<\/p><\/div>\n\t\t\t\t<\/div>\n\t\t\t\t<\/div>\n\t\t\t\t\t\t<\/div>\n\t\t\t\t\t<\/div>\n\t\t<\/div>\n\t\t\t\t\t\t\t\t<\/div>\n\t\t\t\t\t<\/div>\n\t\t<\/section>\n\t\t\t\t<section class=\"elementor-section elementor-top-section elementor-element elementor-element-a1e54a9 elementor-section-boxed elementor-section-height-default elementor-section-height-default\" data-id=\"a1e54a9\" data-element_type=\"section\">\n\t\t\t\t\t\t<div class=\"elementor-container elementor-column-gap-default\">\n\t\t\t\t\t\t\t<div class=\"elementor-row\">\n\t\t\t\t\t<div class=\"elementor-column elementor-col-100 elementor-top-column elementor-element elementor-element-72050c7\" data-id=\"72050c7\" data-element_type=\"column\">\n\t\t\t<div class=\"elementor-column-wrap elementor-element-populated\">\n\t\t\t\t\t\t\t<div class=\"elementor-widget-wrap\">\n\t\t\t\t\t\t<div class=\"elementor-element elementor-element-2ed87df elementor-widget elementor-widget-text-editor\" data-id=\"2ed87df\" data-element_type=\"widget\" data-widget_type=\"text-editor.default\">\n\t\t\t\t<div class=\"elementor-widget-container\">\n\t\t\t\t\t<div class=\"elementor-text-editor elementor-clearfix\"><p>B\u00fcrgermeister Roland Schauer gratulierte dem wiedergew\u00e4hlten Kommando und dankte allen Feuerwehrmitgliedern f\u00fcr ihre engagierte Arbeit. Er betonte, dass die Freiwillige Feuerwehr eine unverzichtbare Institution f\u00fcr die Sicherheit und den Schutz der Bev\u00f6lkerung in der Gemeinde sei. W\u00fcrde man die geleisteten Arbeitsstunden in Mitarbeiter umrechnen, m\u00fcsste man zus\u00e4tzlich 7 Personen anstellen.<\/p><p><strong>Kommando<\/strong><br \/>Kommandant: Peter Sattlberger<br \/>Kommandant Stv.: Manfred Rupertsberger<br \/>Schriftf\u00fchrer: Lukas Renoldner<br \/>Kassier: Patrick Baldinger<\/p><\/div>\n\t\t\t\t<\/div>\n\t\t\t\t<\/div>\n\t\t\t\t\t\t<\/div>\n\t\t\t\t\t<\/div>\n\t\t<\/div>\n\t\t\t\t\t\t\t\t<\/div>\n\t\t\t\t\t<\/div>\n\t\t<\/section>\n\t\t\t\t\t\t<\/div>\n\t\t\t\t\t\t<\/div>\n\t\t\t\t\t<\/div>\n\t\t","protected":false},"excerpt":{"rendered":"<p>Die Freiwillige Feuerwehr Bruck-Waasen hat in ihrer j\u00fcngsten Vollversammlung einen R\u00fcckblick auf die Eins\u00e4tze und T\u00e4tigkeiten des vergangenen Jahres gehalten. Dabei konnten die Mitglieder auf<\/p>\n","protected":false},"author":1,"featured_media":3661,"comment_status":"open","ping_status":"open","sticky":false,"template":"","format":"standard","meta":[],"categories":[161],"tags":[],"_links":{"self":[{"href":"https:\/\/ffbruck-waasen.at\/index.php\/wp-json\/wp\/v2\/posts\/3659"}],"collection":[{"href":"https:\/\/ffbruck-waasen.at\/index.php\/wp-json\/wp\/v2\/posts"}],"about":[{"href":"https:\/\/ffbruck-waasen.at\/index.php\/wp-json\/wp\/v2\/types\/post"}],"author":[{"embeddable":true,"href":"https:\/\/ffbruck-waasen.at\/index.php\/wp-json\/wp\/v2\/users\/1"}],"replies":[{"embeddable":true,"href":"https:\/\/ffbruck-waasen.at\/index.php\/wp-json\/wp\/v2\/comments?post=3659"}],"version-history":[{"count":5,"href":"https:\/\/ffbruck-waasen.at\/index.php\/wp-json\/wp\/v2\/posts\/3659\/revisions"}],"predecessor-version":[{"id":3665,"href":"https:\/\/ffbruck-waasen.at\/index.php\/wp-json\/wp\/v2\/posts\/3659\/revisions\/3665"}],"wp:featuredmedia":[{"embeddable":true,"href":"https:\/\/ffbruck-waasen.at\/index.php\/wp-json\/wp\/v2\/media\/3661"}],"wp:attachment":[{"href":"https:\/\/ffbruck-waasen.at\/index.php\/wp-json\/wp\/v2\/media?parent=3659"}],"wp:term":[{"taxonomy":"category","embeddable":true,"href":"https:\/\/ffbruck-waasen.at\/index.php\/wp-json\/wp\/v2\/categories?post=3659"},{"taxonomy":"post_tag","embeddable":true,"href":"https:\/\/ffbruck-waasen.at\/index.php\/wp-json\/wp\/v2\/tags?post=3659"}],"curies":[{"name":"wp","href":"https:\/\/api.w.org\/{rel}","templated":true}]}}