{"id":3680,"date":"2023-04-29T07:14:57","date_gmt":"2023-04-29T06:14:57","guid":{"rendered":"https:\/\/ffbruck-waasen.at\/?p=3680"},"modified":"2023-04-29T07:36:03","modified_gmt":"2023-04-29T06:36:03","slug":"informationsabend-landesbewerb-2024","status":"publish","type":"post","link":"https:\/\/ffbruck-waasen.at\/index.php\/2023\/04\/29\/informationsabend-landesbewerb-2024\/","title":{"rendered":"Informationsabend Landesbewerb 2024"},"content":{"rendered":"\t\t<div data-elementor-type=\"wp-post\" data-elementor-id=\"3680\" class=\"elementor elementor-3680\" data-elementor-settings=\"[]\">\n\t\t\t\t\t\t<div class=\"elementor-inner\">\n\t\t\t\t\t\t\t<div class=\"elementor-section-wrap\">\n\t\t\t\t\t\t\t<section class=\"elementor-section elementor-top-section elementor-element elementor-element-368a1c7a elementor-section-boxed elementor-section-height-default elementor-section-height-default\" data-id=\"368a1c7a\" data-element_type=\"section\">\n\t\t\t\t\t\t<div class=\"elementor-container elementor-column-gap-default\">\n\t\t\t\t\t\t\t<div class=\"elementor-row\">\n\t\t\t\t\t<div class=\"elementor-column elementor-col-100 elementor-top-column elementor-element elementor-element-2dfa1181\" data-id=\"2dfa1181\" data-element_type=\"column\">\n\t\t\t<div class=\"elementor-column-wrap elementor-element-populated\">\n\t\t\t\t\t\t\t<div class=\"elementor-widget-wrap\">\n\t\t\t\t\t\t<div class=\"elementor-element elementor-element-1af4b9d8 elementor-widget elementor-widget-text-editor\" data-id=\"1af4b9d8\" data-element_type=\"widget\" data-widget_type=\"text-editor.default\">\n\t\t\t\t<div class=\"elementor-widget-container\">\n\t\t\t\t\t<div class=\"elementor-text-editor elementor-clearfix\"><p>Schon vor einigen Jahren ist der Entschluss gefallen, dass die Feuerwehren aus Peuerbach und Steegen den Landes- Feuerwehrleistungsbewerb 2024 austragen werden.<br \/>Dieser Bewerb ist die gr\u00f6\u00dfte Feuerwehrveranstaltung \u00d6sterreichs und die zweitgr\u00f6\u00dfte Sportveranstaltung Ober\u00f6sterreichs nach dem Linz Marathon. Schon im Vorfeld laufen die Planungen f\u00fcr diese Gro\u00dfveranstaltung auf Hochtouren.<\/p><p>\u00a0<\/p><\/div>\n\t\t\t\t<\/div>\n\t\t\t\t<\/div>\n\t\t\t\t\t\t<\/div>\n\t\t\t\t\t<\/div>\n\t\t<\/div>\n\t\t\t\t\t\t\t\t<\/div>\n\t\t\t\t\t<\/div>\n\t\t<\/section>\n\t\t\t\t<section class=\"elementor-section elementor-top-section elementor-element elementor-element-17d6135 elementor-section-boxed elementor-section-height-default elementor-section-height-default\" data-id=\"17d6135\" data-element_type=\"section\">\n\t\t\t\t\t\t<div class=\"elementor-container elementor-column-gap-default\">\n\t\t\t\t\t\t\t<div class=\"elementor-row\">\n\t\t\t\t\t<div class=\"elementor-column elementor-col-50 elementor-top-column elementor-element elementor-element-7527718\" data-id=\"7527718\" data-element_type=\"column\">\n\t\t\t<div class=\"elementor-column-wrap elementor-element-populated\">\n\t\t\t\t\t\t\t<div class=\"elementor-widget-wrap\">\n\t\t\t\t\t\t<div class=\"elementor-element elementor-element-11dcbc5 elementor-widget elementor-widget-text-editor\" data-id=\"11dcbc5\" data-element_type=\"widget\" data-widget_type=\"text-editor.default\">\n\t\t\t\t<div class=\"elementor-widget-container\">\n\t\t\t\t\t<div class=\"elementor-text-editor elementor-clearfix\"><p>Mitte April fand im Feuerwehrhaus Bruck ein Informationsabend f\u00fcr alle Anrainer und Firmen statt, welche in der Zeit der Veranstaltung direkt betroffen sind.<\/p><\/div>\n\t\t\t\t<\/div>\n\t\t\t\t<\/div>\n\t\t\t\t\t\t<\/div>\n\t\t\t\t\t<\/div>\n\t\t<\/div>\n\t\t\t\t<div class=\"elementor-column elementor-col-50 elementor-top-column elementor-element elementor-element-498bf85\" data-id=\"498bf85\" data-element_type=\"column\">\n\t\t\t<div class=\"elementor-column-wrap elementor-element-populated\">\n\t\t\t\t\t\t\t<div class=\"elementor-widget-wrap\">\n\t\t\t\t\t\t<div class=\"elementor-element elementor-element-057e098 elementor-widget elementor-widget-image\" data-id=\"057e098\" data-element_type=\"widget\" data-widget_type=\"image.default\">\n\t\t\t\t<div class=\"elementor-widget-container\">\n\t\t\t\t\t<div class=\"elementor-image\">\n\t\t\t\t\t\t\t\t\t\t<img width=\"1024\" height=\"492\" src=\"https:\/\/ffbruck-waasen.at\/wp-content\/uploads\/2023\/04\/Logo-Landesbewerb-2024-landscape-1024x492.jpg\" class=\"attachment-large size-large\" alt=\"\" loading=\"lazy\" srcset=\"https:\/\/ffbruck-waasen.at\/wp-content\/uploads\/2023\/04\/Logo-Landesbewerb-2024-landscape-1024x492.jpg 1024w, https:\/\/ffbruck-waasen.at\/wp-content\/uploads\/2023\/04\/Logo-Landesbewerb-2024-landscape-300x144.jpg 300w, https:\/\/ffbruck-waasen.at\/wp-content\/uploads\/2023\/04\/Logo-Landesbewerb-2024-landscape-768x369.jpg 768w, https:\/\/ffbruck-waasen.at\/wp-content\/uploads\/2023\/04\/Logo-Landesbewerb-2024-landscape-1536x738.jpg 1536w, https:\/\/ffbruck-waasen.at\/wp-content\/uploads\/2023\/04\/Logo-Landesbewerb-2024-landscape.jpg 1659w\" sizes=\"(max-width: 1024px) 100vw, 1024px\" \/>\t\t\t\t\t\t\t\t\t\t\t<\/div>\n\t\t\t\t<\/div>\n\t\t\t\t<\/div>\n\t\t\t\t\t\t<\/div>\n\t\t\t\t\t<\/div>\n\t\t<\/div>\n\t\t\t\t\t\t\t\t<\/div>\n\t\t\t\t\t<\/div>\n\t\t<\/section>\n\t\t\t\t<section class=\"elementor-section elementor-top-section elementor-element elementor-element-53f7369 elementor-section-boxed elementor-section-height-default elementor-section-height-default\" data-id=\"53f7369\" data-element_type=\"section\">\n\t\t\t\t\t\t<div class=\"elementor-container elementor-column-gap-default\">\n\t\t\t\t\t\t\t<div class=\"elementor-row\">\n\t\t\t\t\t<div class=\"elementor-column elementor-col-50 elementor-top-column elementor-element elementor-element-5900b7d\" data-id=\"5900b7d\" data-element_type=\"column\">\n\t\t\t<div class=\"elementor-column-wrap elementor-element-populated\">\n\t\t\t\t\t\t\t<div class=\"elementor-widget-wrap\">\n\t\t\t\t\t\t<div class=\"elementor-element elementor-element-4d45a41 elementor-widget elementor-widget-heading\" data-id=\"4d45a41\" data-element_type=\"widget\" data-widget_type=\"heading.default\">\n\t\t\t\t<div class=\"elementor-widget-container\">\n\t\t\t<h4 class=\"elementor-heading-title elementor-size-default\">Informatiosbrosch\u00fcre:<\/h4>\t\t<\/div>\n\t\t\t\t<\/div>\n\t\t\t\t\t\t<\/div>\n\t\t\t\t\t<\/div>\n\t\t<\/div>\n\t\t\t\t<div class=\"elementor-column elementor-col-50 elementor-top-column elementor-element elementor-element-1b63be2\" data-id=\"1b63be2\" data-element_type=\"column\">\n\t\t\t<div class=\"elementor-column-wrap elementor-element-populated\">\n\t\t\t\t\t\t\t<div class=\"elementor-widget-wrap\">\n\t\t\t\t\t\t<div class=\"elementor-element elementor-element-46833c2 elementor-widget elementor-widget-button\" data-id=\"46833c2\" data-element_type=\"widget\" data-widget_type=\"button.default\">\n\t\t\t\t<div class=\"elementor-widget-container\">\n\t\t\t\t\t<div class=\"elementor-button-wrapper\">\n\t\t\t<a href=\"https:\/\/ffbruck-waasen.at\/wp-content\/uploads\/2023\/04\/LBW2024_Folder-Informationsveranstaltung_V2.pdf\" class=\"elementor-button-link elementor-button elementor-size-sm\" role=\"button\">\n\t\t\t\t\t\t<span class=\"elementor-button-content-wrapper\">\n\t\t\t\t\t\t<span class=\"elementor-button-text\">Brosch\u00fcre<\/span>\n\t\t<\/span>\n\t\t\t\t\t<\/a>\n\t\t<\/div>\n\t\t\t\t<\/div>\n\t\t\t\t<\/div>\n\t\t\t\t\t\t<\/div>\n\t\t\t\t\t<\/div>\n\t\t<\/div>\n\t\t\t\t\t\t\t\t<\/div>\n\t\t\t\t\t<\/div>\n\t\t<\/section>\n\t\t\t\t<section class=\"elementor-section elementor-top-section elementor-element elementor-element-76bb48f elementor-section-boxed elementor-section-height-default elementor-section-height-default\" data-id=\"76bb48f\" data-element_type=\"section\">\n\t\t\t\t\t\t<div class=\"elementor-container elementor-column-gap-default\">\n\t\t\t\t\t\t\t<div class=\"elementor-row\">\n\t\t\t\t\t<div class=\"elementor-column elementor-col-100 elementor-top-column elementor-element elementor-element-8218ab6\" data-id=\"8218ab6\" data-element_type=\"column\">\n\t\t\t<div class=\"elementor-column-wrap elementor-element-populated\">\n\t\t\t\t\t\t\t<div class=\"elementor-widget-wrap\">\n\t\t\t\t\t\t<div class=\"elementor-element elementor-element-0fbde5f elementor-widget elementor-widget-text-editor\" data-id=\"0fbde5f\" data-element_type=\"widget\" data-widget_type=\"text-editor.default\">\n\t\t\t\t<div class=\"elementor-widget-container\">\n\t\t\t\t\t<div class=\"elementor-text-editor elementor-clearfix\"><p style=\"text-align: center;\">Alle Informationen findet man auch auf der Website des Landesbwerbes:<br \/><a href=\"http:\/\/www.landesbewerb2024.at\">www.landesbewerb2024.at<\/a><\/p><\/div>\n\t\t\t\t<\/div>\n\t\t\t\t<\/div>\n\t\t\t\t\t\t<\/div>\n\t\t\t\t\t<\/div>\n\t\t<\/div>\n\t\t\t\t\t\t\t\t<\/div>\n\t\t\t\t\t<\/div>\n\t\t<\/section>\n\t\t\t\t<section class=\"elementor-section elementor-top-section elementor-element elementor-element-425a5f9 elementor-section-boxed elementor-section-height-default elementor-section-height-default\" data-id=\"425a5f9\" data-element_type=\"section\">\n\t\t\t\t\t\t<div class=\"elementor-container elementor-column-gap-default\">\n\t\t\t\t\t\t\t<div class=\"elementor-row\">\n\t\t\t\t\t<div class=\"elementor-column elementor-col-100 elementor-top-column elementor-element elementor-element-4097de1\" data-id=\"4097de1\" data-element_type=\"column\">\n\t\t\t<div class=\"elementor-column-wrap elementor-element-populated\">\n\t\t\t\t\t\t\t<div class=\"elementor-widget-wrap\">\n\t\t\t\t\t\t<div class=\"elementor-element elementor-element-43a3928 elementor-widget elementor-widget-image-gallery\" data-id=\"43a3928\" data-element_type=\"widget\" data-widget_type=\"image-gallery.default\">\n\t\t\t\t<div class=\"elementor-widget-container\">\n\t\t\t\t\t<div class=\"elementor-image-gallery\">\n\t\t\t<div id='gallery-1' class='gallery galleryid-3680 gallery-columns-4 gallery-size-thumbnail'><figure class='gallery-item'>\n\t\t\t<div class='gallery-icon landscape'>\n\t\t\t\t<a data-elementor-open-lightbox=\"yes\" data-elementor-lightbox-slideshow=\"43a3928\" data-elementor-lightbox-title=\"WhatsApp Image 2023-04-29 at 07.48.25 (6)\" href='https:\/\/ffbruck-waasen.at\/wp-content\/uploads\/2023\/04\/WhatsApp-Image-2023-04-29-at-07.48.25-6.jpeg'><img width=\"150\" height=\"150\" src=\"https:\/\/ffbruck-waasen.at\/wp-content\/uploads\/2023\/04\/WhatsApp-Image-2023-04-29-at-07.48.25-6-150x150.jpeg\" class=\"attachment-thumbnail size-thumbnail\" alt=\"\" loading=\"lazy\" srcset=\"https:\/\/ffbruck-waasen.at\/wp-content\/uploads\/2023\/04\/WhatsApp-Image-2023-04-29-at-07.48.25-6-150x150.jpeg 150w, https:\/\/ffbruck-waasen.at\/wp-content\/uploads\/2023\/04\/WhatsApp-Image-2023-04-29-at-07.48.25-6-400x400.jpeg 400w, https:\/\/ffbruck-waasen.at\/wp-content\/uploads\/2023\/04\/WhatsApp-Image-2023-04-29-at-07.48.25-6-780x780.jpeg 780w, https:\/\/ffbruck-waasen.at\/wp-content\/uploads\/2023\/04\/WhatsApp-Image-2023-04-29-at-07.48.25-6-1200x1200.jpeg 1200w\" sizes=\"(max-width: 150px) 100vw, 150px\" \/><\/a>\n\t\t\t<\/div><\/figure><figure class='gallery-item'>\n\t\t\t<div class='gallery-icon landscape'>\n\t\t\t\t<a data-elementor-open-lightbox=\"yes\" data-elementor-lightbox-slideshow=\"43a3928\" data-elementor-lightbox-title=\"WhatsApp Image 2023-04-29 at 07.48.25 (5)\" href='https:\/\/ffbruck-waasen.at\/wp-content\/uploads\/2023\/04\/WhatsApp-Image-2023-04-29-at-07.48.25-5.jpeg'><img width=\"150\" height=\"150\" src=\"https:\/\/ffbruck-waasen.at\/wp-content\/uploads\/2023\/04\/WhatsApp-Image-2023-04-29-at-07.48.25-5-150x150.jpeg\" class=\"attachment-thumbnail size-thumbnail\" alt=\"\" loading=\"lazy\" srcset=\"https:\/\/ffbruck-waasen.at\/wp-content\/uploads\/2023\/04\/WhatsApp-Image-2023-04-29-at-07.48.25-5-150x150.jpeg 150w, https:\/\/ffbruck-waasen.at\/wp-content\/uploads\/2023\/04\/WhatsApp-Image-2023-04-29-at-07.48.25-5-400x400.jpeg 400w, https:\/\/ffbruck-waasen.at\/wp-content\/uploads\/2023\/04\/WhatsApp-Image-2023-04-29-at-07.48.25-5-780x780.jpeg 780w, https:\/\/ffbruck-waasen.at\/wp-content\/uploads\/2023\/04\/WhatsApp-Image-2023-04-29-at-07.48.25-5-1200x1200.jpeg 1200w\" sizes=\"(max-width: 150px) 100vw, 150px\" \/><\/a>\n\t\t\t<\/div><\/figure><figure class='gallery-item'>\n\t\t\t<div class='gallery-icon portrait'>\n\t\t\t\t<a data-elementor-open-lightbox=\"yes\" data-elementor-lightbox-slideshow=\"43a3928\" data-elementor-lightbox-title=\"WhatsApp Image 2023-04-29 at 07.48.25 (1)\" href='https:\/\/ffbruck-waasen.at\/wp-content\/uploads\/2023\/04\/WhatsApp-Image-2023-04-29-at-07.48.25-1.jpeg'><img width=\"150\" height=\"150\" src=\"https:\/\/ffbruck-waasen.at\/wp-content\/uploads\/2023\/04\/WhatsApp-Image-2023-04-29-at-07.48.25-1-150x150.jpeg\" class=\"attachment-thumbnail size-thumbnail\" alt=\"\" loading=\"lazy\" srcset=\"https:\/\/ffbruck-waasen.at\/wp-content\/uploads\/2023\/04\/WhatsApp-Image-2023-04-29-at-07.48.25-1-150x150.jpeg 150w, https:\/\/ffbruck-waasen.at\/wp-content\/uploads\/2023\/04\/WhatsApp-Image-2023-04-29-at-07.48.25-1-400x400.jpeg 400w, https:\/\/ffbruck-waasen.at\/wp-content\/uploads\/2023\/04\/WhatsApp-Image-2023-04-29-at-07.48.25-1-780x780.jpeg 780w, https:\/\/ffbruck-waasen.at\/wp-content\/uploads\/2023\/04\/WhatsApp-Image-2023-04-29-at-07.48.25-1-1200x1200.jpeg 1200w\" sizes=\"(max-width: 150px) 100vw, 150px\" \/><\/a>\n\t\t\t<\/div><\/figure><figure class='gallery-item'>\n\t\t\t<div class='gallery-icon landscape'>\n\t\t\t\t<a data-elementor-open-lightbox=\"yes\" data-elementor-lightbox-slideshow=\"43a3928\" data-elementor-lightbox-title=\"WhatsApp Image 2023-04-29 at 07.48.25\" href='https:\/\/ffbruck-waasen.at\/wp-content\/uploads\/2023\/04\/WhatsApp-Image-2023-04-29-at-07.48.25-2.jpeg'><img width=\"150\" height=\"150\" src=\"https:\/\/ffbruck-waasen.at\/wp-content\/uploads\/2023\/04\/WhatsApp-Image-2023-04-29-at-07.48.25-2-150x150.jpeg\" class=\"attachment-thumbnail size-thumbnail\" alt=\"\" loading=\"lazy\" srcset=\"https:\/\/ffbruck-waasen.at\/wp-content\/uploads\/2023\/04\/WhatsApp-Image-2023-04-29-at-07.48.25-2-150x150.jpeg 150w, https:\/\/ffbruck-waasen.at\/wp-content\/uploads\/2023\/04\/WhatsApp-Image-2023-04-29-at-07.48.25-2-400x400.jpeg 400w, https:\/\/ffbruck-waasen.at\/wp-content\/uploads\/2023\/04\/WhatsApp-Image-2023-04-29-at-07.48.25-2-780x780.jpeg 780w, https:\/\/ffbruck-waasen.at\/wp-content\/uploads\/2023\/04\/WhatsApp-Image-2023-04-29-at-07.48.25-2-1200x1200.jpeg 1200w\" sizes=\"(max-width: 150px) 100vw, 150px\" \/><\/a>\n\t\t\t<\/div><\/figure>\n\t\t<\/div>\n\t\t<\/div>\n\t\t\t\t<\/div>\n\t\t\t\t<\/div>\n\t\t\t\t\t\t<\/div>\n\t\t\t\t\t<\/div>\n\t\t<\/div>\n\t\t\t\t\t\t\t\t<\/div>\n\t\t\t\t\t<\/div>\n\t\t<\/section>\n\t\t\t\t\t\t<\/div>\n\t\t\t\t\t\t<\/div>\n\t\t\t\t\t<\/div>\n\t\t","protected":false},"excerpt":{"rendered":"<p>Schon vor einigen Jahren ist der Entschluss gefallen, dass die Feuerwehren aus Peuerbach und Steegen den Landes- Feuerwehrleistungsbewerb 2024 austragen werden.Dieser Bewerb ist die gr\u00f6\u00dfte<\/p>\n","protected":false},"author":1,"featured_media":3681,"comment_status":"open","ping_status":"open","sticky":false,"template":"","format":"standard","meta":[],"categories":[153],"tags":[],"_links":{"self":[{"href":"https:\/\/ffbruck-waasen.at\/index.php\/wp-json\/wp\/v2\/posts\/3680"}],"collection":[{"href":"https:\/\/ffbruck-waasen.at\/index.php\/wp-json\/wp\/v2\/posts"}],"about":[{"href":"https:\/\/ffbruck-waasen.at\/index.php\/wp-json\/wp\/v2\/types\/post"}],"author":[{"embeddable":true,"href":"https:\/\/ffbruck-waasen.at\/index.php\/wp-json\/wp\/v2\/users\/1"}],"replies":[{"embeddable":true,"href":"https:\/\/ffbruck-waasen.at\/index.php\/wp-json\/wp\/v2\/comments?post=3680"}],"version-history":[{"count":7,"href":"https:\/\/ffbruck-waasen.at\/index.php\/wp-json\/wp\/v2\/posts\/3680\/revisions"}],"predecessor-version":[{"id":3696,"href":"https:\/\/ffbruck-waasen.at\/index.php\/wp-json\/wp\/v2\/posts\/3680\/revisions\/3696"}],"wp:featuredmedia":[{"embeddable":true,"href":"https:\/\/ffbruck-waasen.at\/index.php\/wp-json\/wp\/v2\/media\/3681"}],"wp:attachment":[{"href":"https:\/\/ffbruck-waasen.at\/index.php\/wp-json\/wp\/v2\/media?parent=3680"}],"wp:term":[{"taxonomy":"category","embeddable":true,"href":"https:\/\/ffbruck-waasen.at\/index.php\/wp-json\/wp\/v2\/categories?post=3680"},{"taxonomy":"post_tag","embeddable":true,"href":"https:\/\/ffbruck-waasen.at\/index.php\/wp-json\/wp\/v2\/tags?post=3680"}],"curies":[{"name":"wp","href":"https:\/\/api.w.org\/{rel}","templated":true}]}}