{"id":3701,"date":"2023-06-16T21:05:44","date_gmt":"2023-06-16T20:05:44","guid":{"rendered":"https:\/\/ffbruck-waasen.at\/?p=3701"},"modified":"2024-08-04T16:49:17","modified_gmt":"2024-08-04T15:49:17","slug":"brandeinsatz","status":"publish","type":"post","link":"https:\/\/ffbruck-waasen.at\/index.php\/2023\/06\/16\/brandeinsatz\/","title":{"rendered":"Brandeinsatz"},"content":{"rendered":"\t\t<div data-elementor-type=\"wp-post\" data-elementor-id=\"3701\" class=\"elementor elementor-3701\" data-elementor-settings=\"[]\">\n\t\t\t\t\t\t<div class=\"elementor-inner\">\n\t\t\t\t\t\t\t<div class=\"elementor-section-wrap\">\n\t\t\t\t\t\t\t<section class=\"elementor-section elementor-top-section elementor-element elementor-element-983b5d7 elementor-section-boxed elementor-section-height-default elementor-section-height-default\" data-id=\"983b5d7\" data-element_type=\"section\">\n\t\t\t\t\t\t<div class=\"elementor-container elementor-column-gap-default\">\n\t\t\t\t\t\t\t<div class=\"elementor-row\">\n\t\t\t\t\t<div class=\"elementor-column elementor-col-100 elementor-top-column elementor-element elementor-element-ccfbb23\" data-id=\"ccfbb23\" data-element_type=\"column\">\n\t\t\t<div class=\"elementor-column-wrap\">\n\t\t\t\t\t\t\t<div class=\"elementor-widget-wrap\">\n\t\t\t\t\t\t\t\t<\/div>\n\t\t\t\t\t<\/div>\n\t\t<\/div>\n\t\t\t\t\t\t\t\t<\/div>\n\t\t\t\t\t<\/div>\n\t\t<\/section>\n\t\t\t\t<section class=\"elementor-section elementor-top-section elementor-element elementor-element-2dc084f elementor-section-boxed elementor-section-height-default elementor-section-height-default\" data-id=\"2dc084f\" data-element_type=\"section\">\n\t\t\t\t\t\t<div class=\"elementor-container elementor-column-gap-default\">\n\t\t\t\t\t\t\t<div class=\"elementor-row\">\n\t\t\t\t\t<div class=\"elementor-column elementor-col-100 elementor-top-column elementor-element elementor-element-edd29a1\" data-id=\"edd29a1\" data-element_type=\"column\">\n\t\t\t<div class=\"elementor-column-wrap elementor-element-populated\">\n\t\t\t\t\t\t\t<div class=\"elementor-widget-wrap\">\n\t\t\t\t\t\t<div class=\"elementor-element elementor-element-eca9865 elementor-widget elementor-widget-text-editor\" data-id=\"eca9865\" data-element_type=\"widget\" data-widget_type=\"text-editor.default\">\n\t\t\t\t<div class=\"elementor-widget-container\">\n\t\t\t\t\t<div class=\"elementor-text-editor elementor-clearfix\"><p>W\u00e4hrend der Abschnitts\u00fcbung der FF Untertressleinsbach wurde von der Landeswarnzentrale ein Brandeinsatz in Besenberg alarmiert. Unverz\u00fcglich machten sich die Feuerwehren von der \u00dcbung auf den Weg zum nahegelegenen Einsatzort. Der Entstehungsbrand, vermutlich ausgel\u00f6st durch einen Blitzschlag, konnte rasch gel\u00f6scht werden. Unsere Feuerwehr stellte als erst eintreffende Einsatzkraft den Atemschutztrupp und l\u00f6schte den Brand von Innen.<br \/>Durch das rasche eingreifen der zahlreichen Feuerwehren konnte ein gr\u00f6\u00dferer Schaden verhindert werden.<\/p><\/div>\n\t\t\t\t<\/div>\n\t\t\t\t<\/div>\n\t\t\t\t\t\t<\/div>\n\t\t\t\t\t<\/div>\n\t\t<\/div>\n\t\t\t\t\t\t\t\t<\/div>\n\t\t\t\t\t<\/div>\n\t\t<\/section>\n\t\t\t\t<section class=\"elementor-section elementor-top-section elementor-element elementor-element-a432394 elementor-section-boxed elementor-section-height-default elementor-section-height-default\" data-id=\"a432394\" data-element_type=\"section\">\n\t\t\t\t\t\t<div class=\"elementor-container elementor-column-gap-default\">\n\t\t\t\t\t\t\t<div class=\"elementor-row\">\n\t\t\t\t\t<div class=\"elementor-column elementor-col-100 elementor-top-column elementor-element elementor-element-050f9c9\" data-id=\"050f9c9\" data-element_type=\"column\">\n\t\t\t<div class=\"elementor-column-wrap\">\n\t\t\t\t\t\t\t<div class=\"elementor-widget-wrap\">\n\t\t\t\t\t\t\t\t<\/div>\n\t\t\t\t\t<\/div>\n\t\t<\/div>\n\t\t\t\t\t\t\t\t<\/div>\n\t\t\t\t\t<\/div>\n\t\t<\/section>\n\t\t\t\t<section class=\"elementor-section elementor-top-section elementor-element elementor-element-3fa1373 elementor-section-boxed elementor-section-height-default elementor-section-height-default\" data-id=\"3fa1373\" data-element_type=\"section\">\n\t\t\t\t\t\t<div class=\"elementor-container elementor-column-gap-default\">\n\t\t\t\t\t\t\t<div class=\"elementor-row\">\n\t\t\t\t\t<div class=\"elementor-column elementor-col-100 elementor-top-column elementor-element elementor-element-2de06a2\" data-id=\"2de06a2\" data-element_type=\"column\">\n\t\t\t<div class=\"elementor-column-wrap elementor-element-populated\">\n\t\t\t\t\t\t\t<div class=\"elementor-widget-wrap\">\n\t\t\t\t\t\t<div class=\"elementor-element elementor-element-f3d609c elementor-widget elementor-widget-image-gallery\" data-id=\"f3d609c\" data-element_type=\"widget\" data-widget_type=\"image-gallery.default\">\n\t\t\t\t<div class=\"elementor-widget-container\">\n\t\t\t\t\t<div class=\"elementor-image-gallery\">\n\t\t\t<div id='gallery-1' class='gallery galleryid-3701 gallery-columns-4 gallery-size-thumbnail'><figure class='gallery-item'>\n\t\t\t<div class='gallery-icon landscape'>\n\t\t\t\t<a data-elementor-open-lightbox=\"yes\" data-elementor-lightbox-slideshow=\"f3d609c\" data-elementor-lightbox-title=\"2023_06_16 Brand Besenberg (4)\" href='https:\/\/ffbruck-waasen.at\/wp-content\/uploads\/2023\/06\/2023_06_16-Brand-Besenberg-4.jpg'><img width=\"150\" height=\"150\" src=\"https:\/\/ffbruck-waasen.at\/wp-content\/uploads\/2023\/06\/2023_06_16-Brand-Besenberg-4-150x150.jpg\" class=\"attachment-thumbnail size-thumbnail\" alt=\"\" loading=\"lazy\" srcset=\"https:\/\/ffbruck-waasen.at\/wp-content\/uploads\/2023\/06\/2023_06_16-Brand-Besenberg-4-150x150.jpg 150w, https:\/\/ffbruck-waasen.at\/wp-content\/uploads\/2023\/06\/2023_06_16-Brand-Besenberg-4-400x400.jpg 400w, https:\/\/ffbruck-waasen.at\/wp-content\/uploads\/2023\/06\/2023_06_16-Brand-Besenberg-4-780x780.jpg 780w\" sizes=\"(max-width: 150px) 100vw, 150px\" \/><\/a>\n\t\t\t<\/div><\/figure><figure class='gallery-item'>\n\t\t\t<div class='gallery-icon landscape'>\n\t\t\t\t<a data-elementor-open-lightbox=\"yes\" data-elementor-lightbox-slideshow=\"f3d609c\" data-elementor-lightbox-title=\"2023_06_16 Brand Besenberg (6)\" href='https:\/\/ffbruck-waasen.at\/wp-content\/uploads\/2023\/06\/2023_06_16-Brand-Besenberg-6.jpg'><img width=\"150\" height=\"150\" src=\"https:\/\/ffbruck-waasen.at\/wp-content\/uploads\/2023\/06\/2023_06_16-Brand-Besenberg-6-150x150.jpg\" class=\"attachment-thumbnail size-thumbnail\" alt=\"\" loading=\"lazy\" srcset=\"https:\/\/ffbruck-waasen.at\/wp-content\/uploads\/2023\/06\/2023_06_16-Brand-Besenberg-6-150x150.jpg 150w, https:\/\/ffbruck-waasen.at\/wp-content\/uploads\/2023\/06\/2023_06_16-Brand-Besenberg-6-400x400.jpg 400w, https:\/\/ffbruck-waasen.at\/wp-content\/uploads\/2023\/06\/2023_06_16-Brand-Besenberg-6-780x780.jpg 780w\" sizes=\"(max-width: 150px) 100vw, 150px\" \/><\/a>\n\t\t\t<\/div><\/figure><figure class='gallery-item'>\n\t\t\t<div class='gallery-icon landscape'>\n\t\t\t\t<a data-elementor-open-lightbox=\"yes\" data-elementor-lightbox-slideshow=\"f3d609c\" data-elementor-lightbox-title=\"2023_06_16 Brand Besenberg (7)\" href='https:\/\/ffbruck-waasen.at\/wp-content\/uploads\/2023\/06\/2023_06_16-Brand-Besenberg-7.jpg'><img width=\"150\" height=\"150\" src=\"https:\/\/ffbruck-waasen.at\/wp-content\/uploads\/2023\/06\/2023_06_16-Brand-Besenberg-7-150x150.jpg\" class=\"attachment-thumbnail size-thumbnail\" alt=\"\" loading=\"lazy\" srcset=\"https:\/\/ffbruck-waasen.at\/wp-content\/uploads\/2023\/06\/2023_06_16-Brand-Besenberg-7-150x150.jpg 150w, https:\/\/ffbruck-waasen.at\/wp-content\/uploads\/2023\/06\/2023_06_16-Brand-Besenberg-7-400x400.jpg 400w, https:\/\/ffbruck-waasen.at\/wp-content\/uploads\/2023\/06\/2023_06_16-Brand-Besenberg-7-780x780.jpg 780w\" sizes=\"(max-width: 150px) 100vw, 150px\" \/><\/a>\n\t\t\t<\/div><\/figure><figure class='gallery-item'>\n\t\t\t<div class='gallery-icon landscape'>\n\t\t\t\t<a data-elementor-open-lightbox=\"yes\" data-elementor-lightbox-slideshow=\"f3d609c\" data-elementor-lightbox-title=\"2023_06_16 Brand Besenberg (14)\" href='https:\/\/ffbruck-waasen.at\/wp-content\/uploads\/2023\/06\/2023_06_16-Brand-Besenberg-14.jpg'><img width=\"150\" height=\"150\" src=\"https:\/\/ffbruck-waasen.at\/wp-content\/uploads\/2023\/06\/2023_06_16-Brand-Besenberg-14-150x150.jpg\" class=\"attachment-thumbnail size-thumbnail\" alt=\"\" loading=\"lazy\" srcset=\"https:\/\/ffbruck-waasen.at\/wp-content\/uploads\/2023\/06\/2023_06_16-Brand-Besenberg-14-150x150.jpg 150w, https:\/\/ffbruck-waasen.at\/wp-content\/uploads\/2023\/06\/2023_06_16-Brand-Besenberg-14-400x400.jpg 400w, https:\/\/ffbruck-waasen.at\/wp-content\/uploads\/2023\/06\/2023_06_16-Brand-Besenberg-14-780x780.jpg 780w\" sizes=\"(max-width: 150px) 100vw, 150px\" \/><\/a>\n\t\t\t<\/div><\/figure>\n\t\t<\/div>\n\t\t<\/div>\n\t\t\t\t<\/div>\n\t\t\t\t<\/div>\n\t\t\t\t\t\t<\/div>\n\t\t\t\t\t<\/div>\n\t\t<\/div>\n\t\t\t\t\t\t\t\t<\/div>\n\t\t\t\t\t<\/div>\n\t\t<\/section>\n\t\t\t\t\t\t<\/div>\n\t\t\t\t\t\t<\/div>\n\t\t\t\t\t<\/div>\n\t\t","protected":false},"excerpt":{"rendered":"<p>W\u00e4hrend der Abschnitts\u00fcbung der FF Untertressleinsbach wurde von der Landeswarnzentrale ein Brandeinsatz in Besenberg alarmiert. Unverz\u00fcglich machten sich die Feuerwehren von der \u00dcbung auf den<\/p>\n","protected":false},"author":1,"featured_media":3708,"comment_status":"closed","ping_status":"closed","sticky":false,"template":"","format":"standard","meta":[],"categories":[151],"tags":[],"_links":{"self":[{"href":"https:\/\/ffbruck-waasen.at\/index.php\/wp-json\/wp\/v2\/posts\/3701"}],"collection":[{"href":"https:\/\/ffbruck-waasen.at\/index.php\/wp-json\/wp\/v2\/posts"}],"about":[{"href":"https:\/\/ffbruck-waasen.at\/index.php\/wp-json\/wp\/v2\/types\/post"}],"author":[{"embeddable":true,"href":"https:\/\/ffbruck-waasen.at\/index.php\/wp-json\/wp\/v2\/users\/1"}],"replies":[{"embeddable":true,"href":"https:\/\/ffbruck-waasen.at\/index.php\/wp-json\/wp\/v2\/comments?post=3701"}],"version-history":[{"count":5,"href":"https:\/\/ffbruck-waasen.at\/index.php\/wp-json\/wp\/v2\/posts\/3701\/revisions"}],"predecessor-version":[{"id":3715,"href":"https:\/\/ffbruck-waasen.at\/index.php\/wp-json\/wp\/v2\/posts\/3701\/revisions\/3715"}],"wp:featuredmedia":[{"embeddable":true,"href":"https:\/\/ffbruck-waasen.at\/index.php\/wp-json\/wp\/v2\/media\/3708"}],"wp:attachment":[{"href":"https:\/\/ffbruck-waasen.at\/index.php\/wp-json\/wp\/v2\/media?parent=3701"}],"wp:term":[{"taxonomy":"category","embeddable":true,"href":"https:\/\/ffbruck-waasen.at\/index.php\/wp-json\/wp\/v2\/categories?post=3701"},{"taxonomy":"post_tag","embeddable":true,"href":"https:\/\/ffbruck-waasen.at\/index.php\/wp-json\/wp\/v2\/tags?post=3701"}],"curies":[{"name":"wp","href":"https:\/\/api.w.org\/{rel}","templated":true}]}}