{"id":3717,"date":"2023-07-10T12:58:11","date_gmt":"2023-07-10T11:58:11","guid":{"rendered":"https:\/\/ffbruck-waasen.at\/?p=3717"},"modified":"2024-08-04T16:49:29","modified_gmt":"2024-08-04T15:49:29","slug":"brand-rundballenpresse","status":"publish","type":"post","link":"https:\/\/ffbruck-waasen.at\/index.php\/2023\/07\/10\/brand-rundballenpresse\/","title":{"rendered":"Brand Rundballenpresse"},"content":{"rendered":"\t\t<div data-elementor-type=\"wp-post\" data-elementor-id=\"3717\" class=\"elementor elementor-3717\" data-elementor-settings=\"[]\">\n\t\t\t\t\t\t<div class=\"elementor-inner\">\n\t\t\t\t\t\t\t<div class=\"elementor-section-wrap\">\n\t\t\t\t\t\t\t<section class=\"elementor-section elementor-top-section elementor-element elementor-element-ac5a966 elementor-section-boxed elementor-section-height-default elementor-section-height-default\" data-id=\"ac5a966\" data-element_type=\"section\">\n\t\t\t\t\t\t<div class=\"elementor-container elementor-column-gap-default\">\n\t\t\t\t\t\t\t<div class=\"elementor-row\">\n\t\t\t\t\t<div class=\"elementor-column elementor-col-100 elementor-top-column elementor-element elementor-element-5be13edb\" data-id=\"5be13edb\" data-element_type=\"column\">\n\t\t\t<div class=\"elementor-column-wrap elementor-element-populated\">\n\t\t\t\t\t\t\t<div class=\"elementor-widget-wrap\">\n\t\t\t\t\t\t<div class=\"elementor-element elementor-element-1e9c1c0b elementor-widget elementor-widget-text-editor\" data-id=\"1e9c1c0b\" data-element_type=\"widget\" data-widget_type=\"text-editor.default\">\n\t\t\t\t<div class=\"elementor-widget-container\">\n\t\t\t\t\t<div class=\"elementor-text-editor elementor-clearfix\">In Michaelnbach geriet am Montagvormittag eine Rundballenpresse in Brand. Das Feuer entfachte auch einen Teil des Feldes und musste gel\u00f6scht werden. Wir Unterst\u00fctzten die \u00f6rtliche Feuerwehr mit L\u00f6schwasser aus unserem Tankl\u00f6schfahrzeug. Es standen insgesamt 7 Feuerwehren im Einsatz.<\/div>\n\t\t\t\t<\/div>\n\t\t\t\t<\/div>\n\t\t\t\t\t\t<\/div>\n\t\t\t\t\t<\/div>\n\t\t<\/div>\n\t\t\t\t\t\t\t\t<\/div>\n\t\t\t\t\t<\/div>\n\t\t<\/section>\n\t\t\t\t<section class=\"elementor-section elementor-top-section elementor-element elementor-element-27266e6 elementor-section-boxed elementor-section-height-default elementor-section-height-default\" data-id=\"27266e6\" data-element_type=\"section\">\n\t\t\t\t\t\t<div class=\"elementor-container elementor-column-gap-default\">\n\t\t\t\t\t\t\t<div class=\"elementor-row\">\n\t\t\t\t\t<div class=\"elementor-column elementor-col-100 elementor-top-column elementor-element elementor-element-a879cb2\" data-id=\"a879cb2\" data-element_type=\"column\">\n\t\t\t<div class=\"elementor-column-wrap elementor-element-populated\">\n\t\t\t\t\t\t\t<div class=\"elementor-widget-wrap\">\n\t\t\t\t\t\t<div class=\"elementor-element elementor-element-9226f43 elementor-widget elementor-widget-image-gallery\" data-id=\"9226f43\" data-element_type=\"widget\" data-widget_type=\"image-gallery.default\">\n\t\t\t\t<div class=\"elementor-widget-container\">\n\t\t\t\t\t<div class=\"elementor-image-gallery\">\n\t\t\t<div id='gallery-1' class='gallery galleryid-3717 gallery-columns-4 gallery-size-thumbnail'><figure class='gallery-item'>\n\t\t\t<div class='gallery-icon landscape'>\n\t\t\t\t<a data-elementor-open-lightbox=\"yes\" data-elementor-lightbox-slideshow=\"9226f43\" data-elementor-lightbox-title=\"IMG-20230710-WA0004\" href='https:\/\/ffbruck-waasen.at\/wp-content\/uploads\/2023\/07\/IMG-20230710-WA0004.jpg'><img width=\"150\" height=\"150\" src=\"https:\/\/ffbruck-waasen.at\/wp-content\/uploads\/2023\/07\/IMG-20230710-WA0004-150x150.jpg\" class=\"attachment-thumbnail size-thumbnail\" alt=\"\" loading=\"lazy\" srcset=\"https:\/\/ffbruck-waasen.at\/wp-content\/uploads\/2023\/07\/IMG-20230710-WA0004-150x150.jpg 150w, https:\/\/ffbruck-waasen.at\/wp-content\/uploads\/2023\/07\/IMG-20230710-WA0004-400x400.jpg 400w, https:\/\/ffbruck-waasen.at\/wp-content\/uploads\/2023\/07\/IMG-20230710-WA0004-780x780.jpg 780w, https:\/\/ffbruck-waasen.at\/wp-content\/uploads\/2023\/07\/IMG-20230710-WA0004-1200x1200.jpg 1200w\" sizes=\"(max-width: 150px) 100vw, 150px\" \/><\/a>\n\t\t\t<\/div><\/figure><figure class='gallery-item'>\n\t\t\t<div class='gallery-icon landscape'>\n\t\t\t\t<a data-elementor-open-lightbox=\"yes\" data-elementor-lightbox-slideshow=\"9226f43\" data-elementor-lightbox-title=\"IMG-20230710-WA0009\" href='https:\/\/ffbruck-waasen.at\/wp-content\/uploads\/2023\/07\/IMG-20230710-WA0009.jpg'><img width=\"150\" height=\"150\" src=\"https:\/\/ffbruck-waasen.at\/wp-content\/uploads\/2023\/07\/IMG-20230710-WA0009-150x150.jpg\" class=\"attachment-thumbnail size-thumbnail\" alt=\"\" loading=\"lazy\" srcset=\"https:\/\/ffbruck-waasen.at\/wp-content\/uploads\/2023\/07\/IMG-20230710-WA0009-150x150.jpg 150w, https:\/\/ffbruck-waasen.at\/wp-content\/uploads\/2023\/07\/IMG-20230710-WA0009-400x400.jpg 400w, https:\/\/ffbruck-waasen.at\/wp-content\/uploads\/2023\/07\/IMG-20230710-WA0009-780x780.jpg 780w\" sizes=\"(max-width: 150px) 100vw, 150px\" \/><\/a>\n\t\t\t<\/div><\/figure><figure class='gallery-item'>\n\t\t\t<div class='gallery-icon landscape'>\n\t\t\t\t<a data-elementor-open-lightbox=\"yes\" data-elementor-lightbox-slideshow=\"9226f43\" data-elementor-lightbox-title=\"IMG-20230710-WA0007\" href='https:\/\/ffbruck-waasen.at\/wp-content\/uploads\/2023\/07\/IMG-20230710-WA0007.jpg'><img width=\"150\" height=\"150\" src=\"https:\/\/ffbruck-waasen.at\/wp-content\/uploads\/2023\/07\/IMG-20230710-WA0007-150x150.jpg\" class=\"attachment-thumbnail size-thumbnail\" alt=\"\" loading=\"lazy\" srcset=\"https:\/\/ffbruck-waasen.at\/wp-content\/uploads\/2023\/07\/IMG-20230710-WA0007-150x150.jpg 150w, https:\/\/ffbruck-waasen.at\/wp-content\/uploads\/2023\/07\/IMG-20230710-WA0007-400x400.jpg 400w, https:\/\/ffbruck-waasen.at\/wp-content\/uploads\/2023\/07\/IMG-20230710-WA0007-780x780.jpg 780w\" sizes=\"(max-width: 150px) 100vw, 150px\" \/><\/a>\n\t\t\t<\/div><\/figure><figure class='gallery-item'>\n\t\t\t<div class='gallery-icon landscape'>\n\t\t\t\t<a data-elementor-open-lightbox=\"yes\" data-elementor-lightbox-slideshow=\"9226f43\" data-elementor-lightbox-title=\"IMG-20230710-WA0005\" href='https:\/\/ffbruck-waasen.at\/wp-content\/uploads\/2023\/07\/IMG-20230710-WA0005.jpg'><img width=\"150\" height=\"150\" src=\"https:\/\/ffbruck-waasen.at\/wp-content\/uploads\/2023\/07\/IMG-20230710-WA0005-150x150.jpg\" class=\"attachment-thumbnail size-thumbnail\" alt=\"\" loading=\"lazy\" srcset=\"https:\/\/ffbruck-waasen.at\/wp-content\/uploads\/2023\/07\/IMG-20230710-WA0005-150x150.jpg 150w, https:\/\/ffbruck-waasen.at\/wp-content\/uploads\/2023\/07\/IMG-20230710-WA0005-400x400.jpg 400w, https:\/\/ffbruck-waasen.at\/wp-content\/uploads\/2023\/07\/IMG-20230710-WA0005-780x780.jpg 780w\" sizes=\"(max-width: 150px) 100vw, 150px\" \/><\/a>\n\t\t\t<\/div><\/figure><figure class='gallery-item'>\n\t\t\t<div class='gallery-icon landscape'>\n\t\t\t\t<a data-elementor-open-lightbox=\"yes\" data-elementor-lightbox-slideshow=\"9226f43\" data-elementor-lightbox-title=\"IMG-20230710-WA0006\" href='https:\/\/ffbruck-waasen.at\/wp-content\/uploads\/2023\/07\/IMG-20230710-WA0006.jpg'><img width=\"150\" height=\"150\" src=\"https:\/\/ffbruck-waasen.at\/wp-content\/uploads\/2023\/07\/IMG-20230710-WA0006-150x150.jpg\" class=\"attachment-thumbnail size-thumbnail\" alt=\"\" loading=\"lazy\" srcset=\"https:\/\/ffbruck-waasen.at\/wp-content\/uploads\/2023\/07\/IMG-20230710-WA0006-150x150.jpg 150w, https:\/\/ffbruck-waasen.at\/wp-content\/uploads\/2023\/07\/IMG-20230710-WA0006-400x400.jpg 400w, https:\/\/ffbruck-waasen.at\/wp-content\/uploads\/2023\/07\/IMG-20230710-WA0006-780x780.jpg 780w\" sizes=\"(max-width: 150px) 100vw, 150px\" \/><\/a>\n\t\t\t<\/div><\/figure><figure class='gallery-item'>\n\t\t\t<div class='gallery-icon landscape'>\n\t\t\t\t<a data-elementor-open-lightbox=\"yes\" data-elementor-lightbox-slideshow=\"9226f43\" data-elementor-lightbox-title=\"IMG-20230710-WA0010\" href='https:\/\/ffbruck-waasen.at\/wp-content\/uploads\/2023\/07\/IMG-20230710-WA0010-1.jpg'><img width=\"150\" height=\"150\" src=\"https:\/\/ffbruck-waasen.at\/wp-content\/uploads\/2023\/07\/IMG-20230710-WA0010-1-150x150.jpg\" class=\"attachment-thumbnail size-thumbnail\" alt=\"\" loading=\"lazy\" srcset=\"https:\/\/ffbruck-waasen.at\/wp-content\/uploads\/2023\/07\/IMG-20230710-WA0010-1-150x150.jpg 150w, https:\/\/ffbruck-waasen.at\/wp-content\/uploads\/2023\/07\/IMG-20230710-WA0010-1-400x400.jpg 400w, https:\/\/ffbruck-waasen.at\/wp-content\/uploads\/2023\/07\/IMG-20230710-WA0010-1-780x780.jpg 780w\" sizes=\"(max-width: 150px) 100vw, 150px\" \/><\/a>\n\t\t\t<\/div><\/figure>\n\t\t<\/div>\n\t\t<\/div>\n\t\t\t\t<\/div>\n\t\t\t\t<\/div>\n\t\t\t\t\t\t<\/div>\n\t\t\t\t\t<\/div>\n\t\t<\/div>\n\t\t\t\t\t\t\t\t<\/div>\n\t\t\t\t\t<\/div>\n\t\t<\/section>\n\t\t\t\t\t\t<\/div>\n\t\t\t\t\t\t<\/div>\n\t\t\t\t\t<\/div>\n\t\t","protected":false},"excerpt":{"rendered":"<p>In Michaelnbach geriet am Montagvormittag eine Rundballenpresse in Brand. Das Feuer entfachte auch einen Teil des Feldes und musste gel\u00f6scht werden. Wir Unterst\u00fctzten die \u00f6rtliche<\/p>\n","protected":false},"author":1,"featured_media":3718,"comment_status":"closed","ping_status":"closed","sticky":false,"template":"","format":"standard","meta":[],"categories":[151],"tags":[],"_links":{"self":[{"href":"https:\/\/ffbruck-waasen.at\/index.php\/wp-json\/wp\/v2\/posts\/3717"}],"collection":[{"href":"https:\/\/ffbruck-waasen.at\/index.php\/wp-json\/wp\/v2\/posts"}],"about":[{"href":"https:\/\/ffbruck-waasen.at\/index.php\/wp-json\/wp\/v2\/types\/post"}],"author":[{"embeddable":true,"href":"https:\/\/ffbruck-waasen.at\/index.php\/wp-json\/wp\/v2\/users\/1"}],"replies":[{"embeddable":true,"href":"https:\/\/ffbruck-waasen.at\/index.php\/wp-json\/wp\/v2\/comments?post=3717"}],"version-history":[{"count":4,"href":"https:\/\/ffbruck-waasen.at\/index.php\/wp-json\/wp\/v2\/posts\/3717\/revisions"}],"predecessor-version":[{"id":3730,"href":"https:\/\/ffbruck-waasen.at\/index.php\/wp-json\/wp\/v2\/posts\/3717\/revisions\/3730"}],"wp:featuredmedia":[{"embeddable":true,"href":"https:\/\/ffbruck-waasen.at\/index.php\/wp-json\/wp\/v2\/media\/3718"}],"wp:attachment":[{"href":"https:\/\/ffbruck-waasen.at\/index.php\/wp-json\/wp\/v2\/media?parent=3717"}],"wp:term":[{"taxonomy":"category","embeddable":true,"href":"https:\/\/ffbruck-waasen.at\/index.php\/wp-json\/wp\/v2\/categories?post=3717"},{"taxonomy":"post_tag","embeddable":true,"href":"https:\/\/ffbruck-waasen.at\/index.php\/wp-json\/wp\/v2\/tags?post=3717"}],"curies":[{"name":"wp","href":"https:\/\/api.w.org\/{rel}","templated":true}]}}