{"id":3731,"date":"2023-07-09T23:00:25","date_gmt":"2023-07-09T22:00:25","guid":{"rendered":"https:\/\/ffbruck-waasen.at\/?p=3731"},"modified":"2024-08-04T16:49:24","modified_gmt":"2024-08-04T15:49:24","slug":"olspur-peuerbacher-bezirksstrase","status":"publish","type":"post","link":"https:\/\/ffbruck-waasen.at\/index.php\/2023\/07\/09\/olspur-peuerbacher-bezirksstrase\/","title":{"rendered":"\u00d6lspur Peuerbacher Bezirksstra\u00dfe"},"content":{"rendered":"\t\t<div data-elementor-type=\"wp-post\" data-elementor-id=\"3731\" class=\"elementor elementor-3731\" data-elementor-settings=\"[]\">\n\t\t\t\t\t\t<div class=\"elementor-inner\">\n\t\t\t\t\t\t\t<div class=\"elementor-section-wrap\">\n\t\t\t\t\t\t\t<section class=\"elementor-section elementor-top-section elementor-element elementor-element-4acb4701 elementor-section-boxed elementor-section-height-default elementor-section-height-default\" data-id=\"4acb4701\" data-element_type=\"section\">\n\t\t\t\t\t\t<div class=\"elementor-container elementor-column-gap-default\">\n\t\t\t\t\t\t\t<div class=\"elementor-row\">\n\t\t\t\t\t<div class=\"elementor-column elementor-col-100 elementor-top-column elementor-element elementor-element-4dbd9fe5\" data-id=\"4dbd9fe5\" data-element_type=\"column\">\n\t\t\t<div class=\"elementor-column-wrap elementor-element-populated\">\n\t\t\t\t\t\t\t<div class=\"elementor-widget-wrap\">\n\t\t\t\t\t\t<div class=\"elementor-element elementor-element-63b8b673 elementor-widget elementor-widget-text-editor\" data-id=\"63b8b673\" data-element_type=\"widget\" data-widget_type=\"text-editor.default\">\n\t\t\t\t<div class=\"elementor-widget-container\">\n\t\t\t\t\t<div class=\"elementor-text-editor elementor-clearfix\"><div dir=\"auto\">Am Sonntagabend wurde unsere Feuerwehr zu einer \u00d6lspur auf der Peuerbacher Bezirksstra\u00dfe alarmiert. Bei hei\u00dfen Temperaturen r\u00fcckten 30 Mann aus, um die \u00d6lspur im Kreuzungsbereich Bruck zu binden. Eine weitere Spur konnte in M\u00fchlbrenning ausfindig gemacht werden. Nach gut einer Stunde war der Einsatz beendet.<\/div><\/div>\n\t\t\t\t<\/div>\n\t\t\t\t<\/div>\n\t\t\t\t\t\t<\/div>\n\t\t\t\t\t<\/div>\n\t\t<\/div>\n\t\t\t\t\t\t\t\t<\/div>\n\t\t\t\t\t<\/div>\n\t\t<\/section>\n\t\t\t\t<section class=\"elementor-section elementor-top-section elementor-element elementor-element-6fb3872 elementor-section-boxed elementor-section-height-default elementor-section-height-default\" data-id=\"6fb3872\" data-element_type=\"section\">\n\t\t\t\t\t\t<div class=\"elementor-container elementor-column-gap-default\">\n\t\t\t\t\t\t\t<div class=\"elementor-row\">\n\t\t\t\t\t<div class=\"elementor-column elementor-col-100 elementor-top-column elementor-element elementor-element-8a6e2b2\" data-id=\"8a6e2b2\" data-element_type=\"column\">\n\t\t\t<div class=\"elementor-column-wrap elementor-element-populated\">\n\t\t\t\t\t\t\t<div class=\"elementor-widget-wrap\">\n\t\t\t\t\t\t<div class=\"elementor-element elementor-element-b29d1ea gallery-spacing-custom elementor-widget elementor-widget-image-gallery\" data-id=\"b29d1ea\" data-element_type=\"widget\" data-widget_type=\"image-gallery.default\">\n\t\t\t\t<div class=\"elementor-widget-container\">\n\t\t\t\t\t<div class=\"elementor-image-gallery\">\n\t\t\t<div id='gallery-1' class='gallery galleryid-3731 gallery-columns-4 gallery-size-thumbnail'><figure class='gallery-item'>\n\t\t\t<div class='gallery-icon landscape'>\n\t\t\t\t<a data-elementor-open-lightbox=\"yes\" data-elementor-lightbox-slideshow=\"b29d1ea\" data-elementor-lightbox-title=\"IMG-20230709-WA0006\" href='https:\/\/ffbruck-waasen.at\/wp-content\/uploads\/2023\/07\/IMG-20230709-WA0006.jpg'><img width=\"150\" height=\"150\" src=\"https:\/\/ffbruck-waasen.at\/wp-content\/uploads\/2023\/07\/IMG-20230709-WA0006-150x150.jpg\" class=\"attachment-thumbnail size-thumbnail\" alt=\"\" loading=\"lazy\" srcset=\"https:\/\/ffbruck-waasen.at\/wp-content\/uploads\/2023\/07\/IMG-20230709-WA0006-150x150.jpg 150w, https:\/\/ffbruck-waasen.at\/wp-content\/uploads\/2023\/07\/IMG-20230709-WA0006-400x400.jpg 400w, https:\/\/ffbruck-waasen.at\/wp-content\/uploads\/2023\/07\/IMG-20230709-WA0006-780x780.jpg 780w, https:\/\/ffbruck-waasen.at\/wp-content\/uploads\/2023\/07\/IMG-20230709-WA0006-1200x1200.jpg 1200w\" sizes=\"(max-width: 150px) 100vw, 150px\" \/><\/a>\n\t\t\t<\/div><\/figure><figure class='gallery-item'>\n\t\t\t<div class='gallery-icon landscape'>\n\t\t\t\t<a data-elementor-open-lightbox=\"yes\" data-elementor-lightbox-slideshow=\"b29d1ea\" data-elementor-lightbox-title=\"IMG-20230709-WA0007\" href='https:\/\/ffbruck-waasen.at\/wp-content\/uploads\/2023\/07\/IMG-20230709-WA0007.jpg'><img width=\"150\" height=\"150\" src=\"https:\/\/ffbruck-waasen.at\/wp-content\/uploads\/2023\/07\/IMG-20230709-WA0007-150x150.jpg\" class=\"attachment-thumbnail size-thumbnail\" alt=\"\" loading=\"lazy\" srcset=\"https:\/\/ffbruck-waasen.at\/wp-content\/uploads\/2023\/07\/IMG-20230709-WA0007-150x150.jpg 150w, https:\/\/ffbruck-waasen.at\/wp-content\/uploads\/2023\/07\/IMG-20230709-WA0007-400x400.jpg 400w, https:\/\/ffbruck-waasen.at\/wp-content\/uploads\/2023\/07\/IMG-20230709-WA0007-780x780.jpg 780w, https:\/\/ffbruck-waasen.at\/wp-content\/uploads\/2023\/07\/IMG-20230709-WA0007-1200x1200.jpg 1200w\" sizes=\"(max-width: 150px) 100vw, 150px\" \/><\/a>\n\t\t\t<\/div><\/figure><figure class='gallery-item'>\n\t\t\t<div class='gallery-icon landscape'>\n\t\t\t\t<a data-elementor-open-lightbox=\"yes\" data-elementor-lightbox-slideshow=\"b29d1ea\" data-elementor-lightbox-title=\"IMG-20230709-WA0008\" href='https:\/\/ffbruck-waasen.at\/wp-content\/uploads\/2023\/07\/IMG-20230709-WA0008.jpg'><img width=\"150\" height=\"150\" src=\"https:\/\/ffbruck-waasen.at\/wp-content\/uploads\/2023\/07\/IMG-20230709-WA0008-150x150.jpg\" class=\"attachment-thumbnail size-thumbnail\" alt=\"\" loading=\"lazy\" srcset=\"https:\/\/ffbruck-waasen.at\/wp-content\/uploads\/2023\/07\/IMG-20230709-WA0008-150x150.jpg 150w, https:\/\/ffbruck-waasen.at\/wp-content\/uploads\/2023\/07\/IMG-20230709-WA0008-400x400.jpg 400w, https:\/\/ffbruck-waasen.at\/wp-content\/uploads\/2023\/07\/IMG-20230709-WA0008-780x780.jpg 780w, https:\/\/ffbruck-waasen.at\/wp-content\/uploads\/2023\/07\/IMG-20230709-WA0008-1200x1200.jpg 1200w\" sizes=\"(max-width: 150px) 100vw, 150px\" \/><\/a>\n\t\t\t<\/div><\/figure>\n\t\t<\/div>\n\t\t<\/div>\n\t\t\t\t<\/div>\n\t\t\t\t<\/div>\n\t\t\t\t\t\t<\/div>\n\t\t\t\t\t<\/div>\n\t\t<\/div>\n\t\t\t\t\t\t\t\t<\/div>\n\t\t\t\t\t<\/div>\n\t\t<\/section>\n\t\t\t\t\t\t<\/div>\n\t\t\t\t\t\t<\/div>\n\t\t\t\t\t<\/div>\n\t\t","protected":false},"excerpt":{"rendered":"<p>Am Sonntagabend wurde unsere Feuerwehr zu einer \u00d6lspur auf der Peuerbacher Bezirksstra\u00dfe alarmiert. Bei hei\u00dfen Temperaturen r\u00fcckten 30 Mann aus, um die \u00d6lspur im Kreuzungsbereich<\/p>\n","protected":false},"author":1,"featured_media":3732,"comment_status":"closed","ping_status":"closed","sticky":false,"template":"","format":"standard","meta":[],"categories":[151],"tags":[],"_links":{"self":[{"href":"https:\/\/ffbruck-waasen.at\/index.php\/wp-json\/wp\/v2\/posts\/3731"}],"collection":[{"href":"https:\/\/ffbruck-waasen.at\/index.php\/wp-json\/wp\/v2\/posts"}],"about":[{"href":"https:\/\/ffbruck-waasen.at\/index.php\/wp-json\/wp\/v2\/types\/post"}],"author":[{"embeddable":true,"href":"https:\/\/ffbruck-waasen.at\/index.php\/wp-json\/wp\/v2\/users\/1"}],"replies":[{"embeddable":true,"href":"https:\/\/ffbruck-waasen.at\/index.php\/wp-json\/wp\/v2\/comments?post=3731"}],"version-history":[{"count":7,"href":"https:\/\/ffbruck-waasen.at\/index.php\/wp-json\/wp\/v2\/posts\/3731\/revisions"}],"predecessor-version":[{"id":3742,"href":"https:\/\/ffbruck-waasen.at\/index.php\/wp-json\/wp\/v2\/posts\/3731\/revisions\/3742"}],"wp:featuredmedia":[{"embeddable":true,"href":"https:\/\/ffbruck-waasen.at\/index.php\/wp-json\/wp\/v2\/media\/3732"}],"wp:attachment":[{"href":"https:\/\/ffbruck-waasen.at\/index.php\/wp-json\/wp\/v2\/media?parent=3731"}],"wp:term":[{"taxonomy":"category","embeddable":true,"href":"https:\/\/ffbruck-waasen.at\/index.php\/wp-json\/wp\/v2\/categories?post=3731"},{"taxonomy":"post_tag","embeddable":true,"href":"https:\/\/ffbruck-waasen.at\/index.php\/wp-json\/wp\/v2\/tags?post=3731"}],"curies":[{"name":"wp","href":"https:\/\/api.w.org\/{rel}","templated":true}]}}